{"id":818772,"date":"2025-08-23T14:59:00","date_gmt":"2025-08-23T12:59:00","guid":{"rendered":"https:\/\/gradski.me\/?p=818772"},"modified":"2025-08-23T14:59:00","modified_gmt":"2025-08-23T12:59:00","slug":"pesic-saopstio-konacan-spisak-igraca-za-eurobasket","status":"publish","type":"post","link":"https:\/\/gradski.me\/en\/sport\/pesic-saopstio-konacan-spisak-igraca-za-eurobasket\/","title":{"rendered":"Pe\u0161i\u0107 saop\u0161tio kona\u010dan spisak igra\u010da za Eurobasket"},"content":{"rendered":"<p>Na spisku popularnog Karija nalaze se: Aleksa Avramovi\u0107, Stefan Jovi\u0107, Vasilije Mici\u0107, Bogdan Bogdanovi\u0107, Marko Guduri\u0107, Ognjen Dobri\u0107, Vanja Marinkovi\u0107, Nikola Jovi\u0107, Filip Petru\u0161ev, Nikola Joki\u0107, Nikola Milutinov i Tristan Vuk\u010devi\u0107.<\/p>\n\n\n\n<p>Sa \u0161ireg spiska otpali su Bal\u0161a Koprivica, Nikola Topi\u0107 i Dejan Davidovac. <\/p>\n\n\n\n<p>&#8222;Uvijek na kraju pripremnog perioda dolazi ono \u0161to za trenera nije lako. Trener je tu da donosi odluke i preuzme odgovornost za ekipu. Ovoga puta je stvarno bilo te\u0161ko donijeti odluku kojih 12 putuje na Evropsko prvenstvo. Oni koji ne idu, a \u017eeljeli su da idu, oni su prihvatili da je tim iznad svih nas tako da sam zbog toga, prije svega, ponosan na njih, na trojicu koja ne idu, a to su Topi\u0107, Koprivica i Davidovac. Uvijek ka\u017eem, trening je va\u017ean jer da nije, ne bismo toliko trenirali, ali je jo\u0161 va\u017enije trenirati me\u0111uljudske odnose i mi to radimo svakodnevno. To je kvalitet koji nam uvijek mo\u017ee pomo\u0107i i ovoga puta i na Evropskom prvenstvu&#8220;, kazao je Pe\u0161i\u0107. <\/p>\n\n\n\n<p>&#8222;Orlovi&#8220; \u0107e na Evropskom prvenstvu igrati u grupi A sa Letonijom, Portugalom, Turskom, \u010ce\u0161kom i Estonijom. <\/p>\n\n\n\n<p>Eurobasket je na programu od 27. avgusta do 14. septembra, a Srbija je prema bukmejkerima prvi favorit za zlato. <\/p>\n\n\n\n<p><\/p>\n\n\n\n<p><\/p>\n\n\n\n<p><\/p>\n\n\n\n<p><\/p>\n\n\n\n<p><\/p>\n\n\n\n<p><\/p>","protected":false},"excerpt":{"rendered":"<p>Selektor ko\u0161arka\u0161ke reprezentacije Srbije, Svetislav Pe\u0161i\u0107 saop\u0161tio je kona\u010dan spisak od 12 igra\u010da koji \u0107e nastupiti na predstoje\u0107em Eurobasketu. <\/p>","protected":false},"author":1,"featured_media":583517,"comment_status":"open","ping_status":"open","sticky":false,"template":"","format":"standard","meta":{"_acf_changed":false,"footnotes":"","jetpack_publicize_message":"","jetpack_publicize_feature_enabled":true,"jetpack_social_post_already_shared":false,"jetpack_social_options":{"image_generator_settings":{"template":"highway","default_image_id":0,"font":"","enabled":false},"version":2}},"categories":[15],"tags":[2920,1137,2369,2681],"naslovna":[],"class_list":["post-818772","post","type-post","status-publish","format-standard","has-post-thumbnail","hentry","category-sport","tag-eurobasket-2025","tag-muska-kosarkaska-reprezentacija-srbije","tag-spisak-igraca","tag-svetislav-pesic"],"acf":[],"jetpack_publicize_connections":[],"_links":{"self":[{"href":"https:\/\/gradski.me\/en\/wp-json\/wp\/v2\/posts\/818772","targetHints":{"allow":["GET"]}}],"collection":[{"href":"https:\/\/gradski.me\/en\/wp-json\/wp\/v2\/posts"}],"about":[{"href":"https:\/\/gradski.me\/en\/wp-json\/wp\/v2\/types\/post"}],"author":[{"embeddable":true,"href":"https:\/\/gradski.me\/en\/wp-json\/wp\/v2\/users\/1"}],"replies":[{"embeddable":true,"href":"https:\/\/gradski.me\/en\/wp-json\/wp\/v2\/comments?post=818772"}],"version-history":[{"count":0,"href":"https:\/\/gradski.me\/en\/wp-json\/wp\/v2\/posts\/818772\/revisions"}],"wp:featuredmedia":[{"embeddable":true,"href":"https:\/\/gradski.me\/en\/wp-json\/wp\/v2\/media\/583517"}],"wp:attachment":[{"href":"https:\/\/gradski.me\/en\/wp-json\/wp\/v2\/media?parent=818772"}],"wp:term":[{"taxonomy":"category","embeddable":true,"href":"https:\/\/gradski.me\/en\/wp-json\/wp\/v2\/categories?post=818772"},{"taxonomy":"post_tag","embeddable":true,"href":"https:\/\/gradski.me\/en\/wp-json\/wp\/v2\/tags?post=818772"},{"taxonomy":"naslovna","embeddable":true,"href":"https:\/\/gradski.me\/en\/wp-json\/wp\/v2\/naslovna?post=818772"}],"curies":[{"name":"wp","href":"https:\/\/api.w.org\/{rel}","templated":true}]}}