{"id":818556,"date":"2025-08-23T11:10:00","date_gmt":"2025-08-23T09:10:00","guid":{"rendered":"https:\/\/gradski.me\/?p=818556"},"modified":"2025-08-23T11:10:00","modified_gmt":"2025-08-23T09:10:00","slug":"crnogorski-kosarkasi-danas-sa-turskom","status":"publish","type":"post","link":"https:\/\/gradski.me\/en\/sport\/crnogorski-kosarkasi-danas-sa-turskom\/","title":{"rendered":"Crnogorski ko\u0161arka\u0161i danas sa Turskom"},"content":{"rendered":"<p>Radovi\u0107 je ju\u010de saop\u0161tio kona\u010dan spisak od 12 igra\u010da koji \u0107e braniti boje Crne Gore na predstoje\u0107em \u0161ampionatu Starog kontinenta. <\/p>\n\n\n\n<p>Posljednji sa spiska otpali su Filip An\u0111u\u0161i\u0107 i Jovan Kljaji\u0107 (zbog povrede). Kljaji\u0107a \u0107e zamijeniti mladi Bal\u0161a \u017divanovi\u0107.<\/p>\n\n\n\n<p>Kona\u010dan spisak:&nbsp;Kajl Olmen (Turk telekom), Igor Drobnjak (Spartak), Vladimir Mihailovi\u0107 (Zadar), Bal\u0161a \u017divanovi\u0107 (SC Derbi), Zoran Vu\u010delji\u0107 (SC Derbi), \u0110or\u0111ije Jovanovi\u0107 (Budu\u0107nost Voli), Andrija Slavkovi\u0107 (Budu\u0107nost Voli), Emir Had\u017eibegovi\u0107 (SC Derbi), Bojan Toma\u0161evi\u0107 (bez kluba), Marko Simonovi\u0107 (Turk telekom), Zoran Nikoli\u0107 (bez kluba) i Nikola Vu\u010devi\u0107 (\u010cikago).<\/p>\n\n\n\n<p>\u201cMo\u017eemo biti zadovoljni kako su pripreme pro\u0161le, momci su do\u0161li zdravi,spremni i sa velikom \u017eeljom. Utakmice smo dobro iskoristili i dobro smo odigrali, gdje smo vidjeli gdje smo. Sve u svemu, mo\u017eemo biti zadovoljni. Na\u017ealost, u posljednjem \u010dasu je otpao Jovan Kljai\u0107 zbog povrede ali tu je \u0161ta je. \u017dao mi je zbog njega. Tokom priprema je igrao sve bolje i bolje i mislim da bi imao jednu dobru ulogu \u0161to bi njemu zna\u010dilo ali i nama kao ekipi. Na\u017ealost, povrede su dio sporta i najbitnije u ovom trenutku je da se oporavi. Ovih 12 momaka koji idu na Evropsko prvenstvo su to i zaslu\u017eili i mislim da su dobro radili i idemo tamo da vidimo \u0161to mo\u017eemo da napravimo\u201d, kazao je Nikola Vu\u010devi\u0107. <\/p>\n\n\n\n<p>&#8222;Crveni&#8220; su u dosada\u0161njem dijelu priprema ostvaili polovi\u010dan u\u010dinak (dva poraza i dvije pobjede). Bili su bolji od BiH u Skenderiji i Izraela u Baru, dok su pora\u017eeni od Francuske i Gr\u010dke na strani. Dana\u0161nji rival Vu\u010devi\u0107a i saigra\u010da ostvario je identi\u010dan skor &#8211; pobjede nad \u010ce\u0161kom i Litvanijom i porazi od Njema\u010dke i Litvanije. <\/p>\n\n\n\n<p>\u201cMislim da su te oscilacije i normalne kod prijateljskih utakmica. Mislim da te ekipe nisu ni bile u pravom sasatvu, nisu bili spremne kao ni mi, ali mislim da smo pokazali da mo\u017eemo da igramo sa svima. Tamo \u0107e nam biti jo\u0161 te\u017ee i druga\u010dije, mora\u0107emo jo\u0161 bolje da igramo. Tokom priprema smo pokazali dosta dobrih stvari, svjesni smo nekih na\u0161ih nedostataka na koje moramo da obratimo pa\u017enju\u201d, dodao je Vu\u010devi\u0107 kom \u0107e Eurobasket biti posljednje takmi\u010denje u dresu reprezentacije. <\/p>\n\n\n\n<p>Crna Gora \u0107e \u0161ampionat otvoriti duelom sa Njema\u010dkom, a u grupi se nalaze jo\u0161 Litvanija, doma\u0107in Finska, \u0160vedska i Velika Britanija.<\/p>\n\n\n\n<p><\/p>","protected":false},"excerpt":{"rendered":"<p>Crnogorski ko\u0161arka\u0161i ima\u0107e danas u Istanbulu (19h) posljednju provjeru pred Eurobasket &#8211; izabranici selektora Bo\u0161ka Radovi\u0107a gostova\u0107e Turskoj u Istanbulu. <\/p>","protected":false},"author":1,"featured_media":572286,"comment_status":"open","ping_status":"open","sticky":false,"template":"","format":"standard","meta":{"_acf_changed":false,"footnotes":"","jetpack_publicize_message":"","jetpack_publicize_feature_enabled":true,"jetpack_social_post_already_shared":false,"jetpack_social_options":{"image_generator_settings":{"template":"highway","default_image_id":0,"font":"","enabled":false},"version":2}},"categories":[15],"tags":[3622,937,3623],"naslovna":[],"class_list":["post-818556","post","type-post","status-publish","format-standard","has-post-thumbnail","hentry","category-sport","tag-generalka-2","tag-muska-kosarkaska-reprezentacija-crne-gore","tag-muska-kosarkaska-reprezentacija-turske"],"acf":[],"jetpack_publicize_connections":[],"_links":{"self":[{"href":"https:\/\/gradski.me\/en\/wp-json\/wp\/v2\/posts\/818556","targetHints":{"allow":["GET"]}}],"collection":[{"href":"https:\/\/gradski.me\/en\/wp-json\/wp\/v2\/posts"}],"about":[{"href":"https:\/\/gradski.me\/en\/wp-json\/wp\/v2\/types\/post"}],"author":[{"embeddable":true,"href":"https:\/\/gradski.me\/en\/wp-json\/wp\/v2\/users\/1"}],"replies":[{"embeddable":true,"href":"https:\/\/gradski.me\/en\/wp-json\/wp\/v2\/comments?post=818556"}],"version-history":[{"count":0,"href":"https:\/\/gradski.me\/en\/wp-json\/wp\/v2\/posts\/818556\/revisions"}],"wp:featuredmedia":[{"embeddable":true,"href":"https:\/\/gradski.me\/en\/wp-json\/wp\/v2\/media\/572286"}],"wp:attachment":[{"href":"https:\/\/gradski.me\/en\/wp-json\/wp\/v2\/media?parent=818556"}],"wp:term":[{"taxonomy":"category","embeddable":true,"href":"https:\/\/gradski.me\/en\/wp-json\/wp\/v2\/categories?post=818556"},{"taxonomy":"post_tag","embeddable":true,"href":"https:\/\/gradski.me\/en\/wp-json\/wp\/v2\/tags?post=818556"},{"taxonomy":"naslovna","embeddable":true,"href":"https:\/\/gradski.me\/en\/wp-json\/wp\/v2\/naslovna?post=818556"}],"curies":[{"name":"wp","href":"https:\/\/api.w.org\/{rel}","templated":true}]}}