{"id":818420,"date":"2025-08-23T07:28:00","date_gmt":"2025-08-23T05:28:00","guid":{"rendered":"https:\/\/gradski.me\/?p=818420"},"modified":"2025-08-23T07:28:00","modified_gmt":"2025-08-23T05:28:00","slug":"video-rakocevic-ovogodisnja-ljetnja-sezona-na-olimpijskom-i-zatvorenom-bazenu-u-podgorici-uspjesnija-od-prethodne","status":"publish","type":"post","link":"https:\/\/gradski.me\/en\/podgorica\/video-rakocevic-ovogodisnja-ljetnja-sezona-na-olimpijskom-i-zatvorenom-bazenu-u-podgorici-uspjesnija-od-prethodne\/","title":{"rendered":"(VIDEO) Rako\u010devi\u0107: Ovogodi\u0161nja ljetnja sezona na olimpijskom i zatvorenom bazenu u Podgorici uspje\u0161nija od prethodne"},"content":{"rendered":"<p><\/p>\n\n\n\n<p>Zahvaljuju\u0107i lijepom vremenu vi\u0161e hiljada podgori\u010danki i Podgori\u010dana tokom ljetnjih dana koristilo je usluge olimpijskog bazena u Sportskom centru Mora\u010da, \u010dime je zabilje\u017eeno&nbsp; pove\u0107anje posjete za oko sedam odsto, isti\u010de \u0160efica slu\u017ebe pru\u017eanja usluga Sportskih objekata Dragica Rako\u010devi\u0107. <\/p>\n\n\n\n<p>&#8222;Generalno mogu da iska\u017eem zadovoljstvo zbog posjete u ovoj ljetnjoj sezoni, i kada je u pitanju otvoreni olimpijski, a tako\u0111e i zatvoreni bazen. Ove godine imali smo oko 24 hiljade posjetilaca, \u0161to je negdje za sedam odsto vi\u0161e u odnosu na isti period pro\u0161le godine&#8220;, kazala je ona.<\/p>\n\n\n\n<p>Najve\u0107a gu\u017eva na bazenima zabilje\u017eena je u popodnevnim satima, kada gra\u0111ani &nbsp;zavr\u0161avaju sa svojim radnim obavezama, navodi Rako\u010devi\u0107.<\/p>\n\n\n\n<p>&#8222;Kada je u pitanju otvoreni olimpijski bazen, zaista smo zadovolnji sa ljetnjom sezonom i to je tako od samog po\u010detka, mo\u017eda ne toliko jun &#8211; koliko jul i avgust, dodu\u0161e vremenski prilike su ovakve kakve jesu, pa i ne dozvoljavaju da ovo bude u onom kapacitetu kako smo i navikli&#8220;, dodaje.<\/p>\n\n\n\n<p>Cijene ulaznica nisu se mijenjale godinama, &nbsp;za kori\u0161\u0107enje zatvorenog bazena sat vremena je potrebno izdvojiti 2 i po eura, dok je na otvorenom bazenu karta u prvoj smjeni tako\u0111e 2 i po eura, dok u drugoj iznosi&nbsp; tri eura.&nbsp; Gra\u0111anima su na raspolaganju i mjese\u010dne karte, koje im omogu\u0107avaju zna\u010dajne u\u0161tede.<\/p>\n\n\n\n<p>&#8222;Mjese\u010dne karte su za 30 ulazaka. U prvoj smjeni cijena je 50 eura, u drugoj 60, a cjelodnevna karta iznosi 70 eura&#8220;, zaklju\u010duje.<\/p>\n\n\n\n<p>Bazen posje\u0107uju sve generacije \u2013 od djece i omladine, pa do starijih sugra\u0111ana, a motivi za dolazak su razli\u010diti \u2013 od zabave, rekreacije, do zdravstvenih potreba, isti\u010de Rako\u010devi\u0107 i zaklju\u010duje da \u0107e otvoreni olimpijski bazen raditi sve dok to vremenski uslovi budu dozvoljavali.<\/p>\n\n\n\n<figure class=\"wp-block-embed is-type-video is-provider-youtube wp-block-embed-youtube wp-embed-aspect-16-9 wp-has-aspect-ratio\"><div class=\"wp-block-embed__wrapper\">\n<iframe title=\"Rako\u010devi\u0107:Ovogodi\u0161nja ljetnja sezona na olimpijskom i zatvorenom bazenu u PG uspje\u0161nija od prethodne\" width=\"800\" height=\"450\" src=\"https:\/\/www.youtube.com\/embed\/YwHq_mMgn-8?feature=oembed\" frameborder=\"0\" allow=\"accelerometer; autoplay; clipboard-write; encrypted-media; gyroscope; picture-in-picture; web-share\" referrerpolicy=\"strict-origin-when-cross-origin\" allowfullscreen><\/iframe>\n<\/div><\/figure>","protected":false},"excerpt":{"rendered":"<p>Ovogodi\u0161nja ljetnja sezona na olimpijskom i zatvorenom bazenu u Podgorici bila je uspje\u0161nija od prethodne, kazala je za Gradsku Dragica Rako\u010devi\u0107 \u0160efica slu\u017ebe pru\u017eanja usluga SO. Dodaje da se cijene usluga nijesu mijenjale.<\/p>","protected":false},"author":1,"featured_media":818428,"comment_status":"open","ping_status":"open","sticky":false,"template":"","format":"standard","meta":{"_acf_changed":false,"footnotes":"","jetpack_publicize_message":"","jetpack_publicize_feature_enabled":true,"jetpack_social_post_already_shared":false,"jetpack_social_options":{"image_generator_settings":{"template":"highway","default_image_id":0,"font":"","enabled":false},"version":2}},"categories":[6],"tags":[3596,3597],"naslovna":[],"class_list":["post-818420","post","type-post","status-publish","format-standard","has-post-thumbnail","hentry","category-podgorica","tag-bazeni","tag-dragica-rakocevic"],"acf":[],"jetpack_publicize_connections":[],"_links":{"self":[{"href":"https:\/\/gradski.me\/en\/wp-json\/wp\/v2\/posts\/818420","targetHints":{"allow":["GET"]}}],"collection":[{"href":"https:\/\/gradski.me\/en\/wp-json\/wp\/v2\/posts"}],"about":[{"href":"https:\/\/gradski.me\/en\/wp-json\/wp\/v2\/types\/post"}],"author":[{"embeddable":true,"href":"https:\/\/gradski.me\/en\/wp-json\/wp\/v2\/users\/1"}],"replies":[{"embeddable":true,"href":"https:\/\/gradski.me\/en\/wp-json\/wp\/v2\/comments?post=818420"}],"version-history":[{"count":0,"href":"https:\/\/gradski.me\/en\/wp-json\/wp\/v2\/posts\/818420\/revisions"}],"wp:featuredmedia":[{"embeddable":true,"href":"https:\/\/gradski.me\/en\/wp-json\/wp\/v2\/media\/818428"}],"wp:attachment":[{"href":"https:\/\/gradski.me\/en\/wp-json\/wp\/v2\/media?parent=818420"}],"wp:term":[{"taxonomy":"category","embeddable":true,"href":"https:\/\/gradski.me\/en\/wp-json\/wp\/v2\/categories?post=818420"},{"taxonomy":"post_tag","embeddable":true,"href":"https:\/\/gradski.me\/en\/wp-json\/wp\/v2\/tags?post=818420"},{"taxonomy":"naslovna","embeddable":true,"href":"https:\/\/gradski.me\/en\/wp-json\/wp\/v2\/naslovna?post=818420"}],"curies":[{"name":"wp","href":"https:\/\/api.w.org\/{rel}","templated":true}]}}