{"id":818124,"date":"2025-08-22T11:55:00","date_gmt":"2025-08-22T09:55:00","guid":{"rendered":"https:\/\/gradski.me\/?p=818124"},"modified":"2025-08-22T11:55:00","modified_gmt":"2025-08-22T09:55:00","slug":"preminuo-politicar-na-plazi-u-grckoj","status":"publish","type":"post","link":"https:\/\/gradski.me\/en\/region\/preminuo-politicar-na-plazi-u-grckoj\/","title":{"rendered":"Preminuo politi\u010dar na pla\u017ei u Gr\u010dkoj"},"content":{"rendered":"<p><\/p>\n\n\n\n<p><\/p>\n\n\n\n<p>Kako prenose gr\u010dki mediji, Vesiropulosu je pozlilo u subotu, a iako je Hitna pomo\u0107 brzo stigla i prevezla ga u Zdravstveni centar Agios Nikolaos, ljekari nijesu uspjeli da ga spasu, prenosi Nova.rs.<\/p>\n\n\n\n<p>Vesiropulos je bio dugogodi\u0161nji poslanik iz Imatije i od aprila ove godine obavljao je du\u017enost generalnog sekretara poslani\u010dke grupe Nove demokratije. Ranije je bio predsjednik Stalnog odbora za ekonomska pitanja parlamenta, a od 2019. do 2023. godine i zamjenik ministra finansija, zadu\u017een za poresku politiku i javnu imovinu u vladi<strong>&nbsp;Kirijakosa Micotakisa.<\/strong><\/p>\n\n\n\n<p>Vijest o njegovoj smrti duboko je potresla premijera Micotakisa, koji je izrazio sau\u010de\u0161\u0107e porodici i istakao da je Vesiropulos bio \u201cvrijedan saradnik i voljeni politi\u010dar koji je decenijama slu\u017eio svojoj stranci, rodnom kraju i otad\u017ebini\u201c.<\/p>\n\n\n\n<p>Ro\u0111en u Veriji, porijeklom iz Aleksandrije u oblasti Imatija, bio je o\u017eenjen profesorkom&nbsp;<strong>Katerinom Kacavu<\/strong>&nbsp;i otac dvoje djece. Imao je dve master diplome \u2013 iz strate\u0161kog menad\u017eerskog ra\u010dunovodstva i finansijskog menad\u017ementa, kao i iz javnog prava i politi\u010dkih nauka. Bio je i doktorand na Pravnom fakultetu Demokritovog univerziteta u Trakiji.<\/p>","protected":false},"excerpt":{"rendered":"<p>Apostolos Vesiropulos, biv\u0161i j ministra finansija Gr\u010dke i aktuelni generalni sekretar poslani\u010dke grupe Nove demokratije, iznenada je preminuo u 59. godini nakon sr\u010danog zastoja na pla\u017ei na Halkidikiju.<\/p>","protected":false},"author":1,"featured_media":346900,"comment_status":"open","ping_status":"open","sticky":false,"template":"","format":"standard","meta":{"_acf_changed":false,"footnotes":"","jetpack_publicize_message":"","jetpack_publicize_feature_enabled":true,"jetpack_social_post_already_shared":false,"jetpack_social_options":{"image_generator_settings":{"template":"highway","default_image_id":0,"font":"","enabled":false},"version":2}},"categories":[13],"tags":[3368,3510,481],"naslovna":[],"class_list":["post-818124","post","type-post","status-publish","format-standard","has-post-thumbnail","hentry","category-region","tag-grcka","tag-politicar","tag-svijet"],"acf":[],"jetpack_publicize_connections":[],"_links":{"self":[{"href":"https:\/\/gradski.me\/en\/wp-json\/wp\/v2\/posts\/818124","targetHints":{"allow":["GET"]}}],"collection":[{"href":"https:\/\/gradski.me\/en\/wp-json\/wp\/v2\/posts"}],"about":[{"href":"https:\/\/gradski.me\/en\/wp-json\/wp\/v2\/types\/post"}],"author":[{"embeddable":true,"href":"https:\/\/gradski.me\/en\/wp-json\/wp\/v2\/users\/1"}],"replies":[{"embeddable":true,"href":"https:\/\/gradski.me\/en\/wp-json\/wp\/v2\/comments?post=818124"}],"version-history":[{"count":0,"href":"https:\/\/gradski.me\/en\/wp-json\/wp\/v2\/posts\/818124\/revisions"}],"wp:featuredmedia":[{"embeddable":true,"href":"https:\/\/gradski.me\/en\/wp-json\/wp\/v2\/media\/346900"}],"wp:attachment":[{"href":"https:\/\/gradski.me\/en\/wp-json\/wp\/v2\/media?parent=818124"}],"wp:term":[{"taxonomy":"category","embeddable":true,"href":"https:\/\/gradski.me\/en\/wp-json\/wp\/v2\/categories?post=818124"},{"taxonomy":"post_tag","embeddable":true,"href":"https:\/\/gradski.me\/en\/wp-json\/wp\/v2\/tags?post=818124"},{"taxonomy":"naslovna","embeddable":true,"href":"https:\/\/gradski.me\/en\/wp-json\/wp\/v2\/naslovna?post=818124"}],"curies":[{"name":"wp","href":"https:\/\/api.w.org\/{rel}","templated":true}]}}