{"id":818104,"date":"2025-08-22T10:19:07","date_gmt":"2025-08-22T08:19:07","guid":{"rendered":"https:\/\/gradski.me\/?p=818104"},"modified":"2025-08-22T10:19:07","modified_gmt":"2025-08-22T08:19:07","slug":"potpredsjednik-vlade-uae-danas-u-posjeti-crnoj-gori","status":"publish","type":"post","link":"https:\/\/gradski.me\/en\/politika\/potpredsjednik-vlade-uae-danas-u-posjeti-crnoj-gori\/","title":{"rendered":"Na poziv Spaji\u0107a potpredsjednik Vlade UAE danas u posjeti Crnoj Gori"},"content":{"rendered":"<p><\/p>\n\n\n\n<p>&#8222;Planirano je da se Al Nahjan u 17.00 sati u Vili \u201cGorica\u201d sastane sa predsjednikom Vlade Milojkom Spaji\u0107em.\u00a0<\/p>\n\n\n\n<p>U delegaciji koju \u0107e predvoditi premijer bi\u0107e potpredsjednici Vlade Aleksa Be\u010di\u0107, Filip Ivanovi\u0107 i Ervin Ibrahimovi\u0107 kao i ministri&nbsp; Danilo \u0160aranovi\u0107, Majda Ad\u017eovi\u0107 i Admir \u0160ahmanovi\u0107.<\/p>\n\n\n\n<p>Posjeta potpredsjednika Vlade UAE dolazi nakon \u0161to su Emirati za potrebe ga\u0161enja po\u017eara, Crnoj Gori do kraja po\u017earne sezone stavili na raspolaganje avion za ga\u0161enje po\u017eara Antonov AN-32P.&nbsp;<\/p>\n\n\n\n<p>Nakon sastanka bi\u0107e izdato saop\u0161tenje za javnost.&nbsp;<\/p>\n\n\n\n<p>Slu\u017eba za odnose s javno\u0161\u0107u Vlade Crne Gore obezbijedi\u0107e medijima video i foto materijal&#8220;, kazali su iz Vlade.<\/p>","protected":false},"excerpt":{"rendered":"<p>Potpredsjednik Vlade Ujedinjenih Arapskih Emirata i ministar vanjskih poslova Nj.E. \u0161eik Abdulah bin Zajed Al Nahjan na poziv predsjednika Vlade Crne Gore Milojka Spaji\u0107a boravi\u0107e danas u posjeti Crnoj Gori, saop\u0161teno je iz Vlade.<\/p>","protected":false},"author":1,"featured_media":811967,"comment_status":"open","ping_status":"open","sticky":false,"template":"","format":"standard","meta":{"_acf_changed":false,"footnotes":"","jetpack_publicize_message":"","jetpack_publicize_feature_enabled":true,"jetpack_social_post_already_shared":false,"jetpack_social_options":{"image_generator_settings":{"template":"highway","default_image_id":0,"font":"","enabled":false},"version":2}},"categories":[7],"tags":[3506,3223,1168],"naslovna":[],"class_list":["post-818104","post","type-post","status-publish","format-standard","has-post-thumbnail","hentry","category-politika","tag-emirati","tag-spajic","tag-vlada"],"acf":[],"jetpack_publicize_connections":[],"_links":{"self":[{"href":"https:\/\/gradski.me\/en\/wp-json\/wp\/v2\/posts\/818104","targetHints":{"allow":["GET"]}}],"collection":[{"href":"https:\/\/gradski.me\/en\/wp-json\/wp\/v2\/posts"}],"about":[{"href":"https:\/\/gradski.me\/en\/wp-json\/wp\/v2\/types\/post"}],"author":[{"embeddable":true,"href":"https:\/\/gradski.me\/en\/wp-json\/wp\/v2\/users\/1"}],"replies":[{"embeddable":true,"href":"https:\/\/gradski.me\/en\/wp-json\/wp\/v2\/comments?post=818104"}],"version-history":[{"count":0,"href":"https:\/\/gradski.me\/en\/wp-json\/wp\/v2\/posts\/818104\/revisions"}],"wp:featuredmedia":[{"embeddable":true,"href":"https:\/\/gradski.me\/en\/wp-json\/wp\/v2\/media\/811967"}],"wp:attachment":[{"href":"https:\/\/gradski.me\/en\/wp-json\/wp\/v2\/media?parent=818104"}],"wp:term":[{"taxonomy":"category","embeddable":true,"href":"https:\/\/gradski.me\/en\/wp-json\/wp\/v2\/categories?post=818104"},{"taxonomy":"post_tag","embeddable":true,"href":"https:\/\/gradski.me\/en\/wp-json\/wp\/v2\/tags?post=818104"},{"taxonomy":"naslovna","embeddable":true,"href":"https:\/\/gradski.me\/en\/wp-json\/wp\/v2\/naslovna?post=818104"}],"curies":[{"name":"wp","href":"https:\/\/api.w.org\/{rel}","templated":true}]}}