{"id":818098,"date":"2025-08-22T10:51:00","date_gmt":"2025-08-22T08:51:00","guid":{"rendered":"https:\/\/gradski.me\/?p=818098"},"modified":"2025-08-22T10:51:00","modified_gmt":"2025-08-22T08:51:00","slug":"sosic-mjesne-zajednice-da-budu-cvoriste-pomoci-u-vanrednim-situacijama","status":"publish","type":"post","link":"https:\/\/gradski.me\/en\/podgorica\/sosic-mjesne-zajednice-da-budu-cvoriste-pomoci-u-vanrednim-situacijama\/","title":{"rendered":"So\u0161i\u0107: Mjesne zajednice da budu \u010dvori\u0161te pomo\u0107i u vanrednim situacijama"},"content":{"rendered":"<p><\/p>\n\n\n\n<p><\/p>\n\n\n\n<p>&#8222;Na taj na\u010din mjesne zajednice bi imale konkretnu ulogu u za\u0161titi stanovni\u0161tva, a gra\u0111ani bi bili vi\u0161e uklju\u010deni u njihov rad. Predsjednik savjeta mjesne zajednice morao bi redovno da prisustvuje sjednicama op\u0161tinske ili gradske skup\u0161tine i iznosi potrebe zajednice, a u vanrednim situacijama bio bi dio kriznog \u0161taba&#8220;, kazao je So\u0161i\u0107.<\/p>\n\n\n\n<p>Prostor mjesne zajednice koristili bi i dobrovoljna vatrogasna dru\u0161tva, gorani i drugi aktivisti za akcije od op\u0161teg zna\u010daja \u2013 od po\u0161umljavanja do \u010di\u0161\u0107enja.<\/p>\n\n\n\n<p>&#8222;Mjesne zajednice treba da budu mjesto gdje se organizuju zborovi gra\u0111ana na kojima se odlu\u010duje o prioritetima i tro\u0161enju dijela participativnog bud\u017eeta koji im op\u0161tina ustupi. Op\u0161tina ili grad ne bi smjeli mijenjati granice mjesne zajednice niti donositi odluke koje uti\u010du na njen rad bez njenog mi\u0161ljenja i saglasnosti. Na ovaj na\u010din bi se oja\u010dala lokalna samouprava, a stanovnici, posebno u prigradskim naseljima, dobili bi jasan instrument podr\u0161ke i za\u0161tite \u2013 i u slu\u010daju nepogoda i u planiranju aktivnosti zajednice. To je put kao integrisanju cileje zajednice nezavisno do toga da li se radi o centru ili perifraji grada&#8220;, naveo je on.<\/p>\n\n\n\n<p><\/p>","protected":false},"excerpt":{"rendered":"<p>Preokret se zala\u017ee da se mjesne zajednice osna\u017ee kao centri lokalne zajednice. One treba da imaju osnovnu opremu za vanredne situacije, hidrantsku mre\u017eu u blizini i oglasnu tablu sa uputstvima kako gra\u0111ani mogu pomo\u0107i u slu\u010daju po\u017eara ili druge nepogode, kazao je predstavnik Preokreta Dragan So\u0161i\u0107.<\/p>","protected":false},"author":1,"featured_media":612977,"comment_status":"open","ping_status":"open","sticky":false,"template":"","format":"standard","meta":{"_acf_changed":false,"footnotes":"","jetpack_publicize_message":"","jetpack_publicize_feature_enabled":true,"jetpack_social_post_already_shared":false,"jetpack_social_options":{"image_generator_settings":{"template":"highway","default_image_id":0,"font":"","enabled":false},"version":2}},"categories":[6],"tags":[3508,1663],"naslovna":[],"class_list":["post-818098","post","type-post","status-publish","format-standard","has-post-thumbnail","hentry","category-podgorica","tag-dragan-sosic","tag-preokret"],"acf":[],"jetpack_publicize_connections":[],"_links":{"self":[{"href":"https:\/\/gradski.me\/en\/wp-json\/wp\/v2\/posts\/818098","targetHints":{"allow":["GET"]}}],"collection":[{"href":"https:\/\/gradski.me\/en\/wp-json\/wp\/v2\/posts"}],"about":[{"href":"https:\/\/gradski.me\/en\/wp-json\/wp\/v2\/types\/post"}],"author":[{"embeddable":true,"href":"https:\/\/gradski.me\/en\/wp-json\/wp\/v2\/users\/1"}],"replies":[{"embeddable":true,"href":"https:\/\/gradski.me\/en\/wp-json\/wp\/v2\/comments?post=818098"}],"version-history":[{"count":0,"href":"https:\/\/gradski.me\/en\/wp-json\/wp\/v2\/posts\/818098\/revisions"}],"wp:featuredmedia":[{"embeddable":true,"href":"https:\/\/gradski.me\/en\/wp-json\/wp\/v2\/media\/612977"}],"wp:attachment":[{"href":"https:\/\/gradski.me\/en\/wp-json\/wp\/v2\/media?parent=818098"}],"wp:term":[{"taxonomy":"category","embeddable":true,"href":"https:\/\/gradski.me\/en\/wp-json\/wp\/v2\/categories?post=818098"},{"taxonomy":"post_tag","embeddable":true,"href":"https:\/\/gradski.me\/en\/wp-json\/wp\/v2\/tags?post=818098"},{"taxonomy":"naslovna","embeddable":true,"href":"https:\/\/gradski.me\/en\/wp-json\/wp\/v2\/naslovna?post=818098"}],"curies":[{"name":"wp","href":"https:\/\/api.w.org\/{rel}","templated":true}]}}