{"id":817839,"date":"2025-08-21T17:37:00","date_gmt":"2025-08-21T15:37:00","guid":{"rendered":"https:\/\/gradski.me\/?p=817839"},"modified":"2025-08-21T17:37:00","modified_gmt":"2025-08-21T15:37:00","slug":"radnici-vektra-boke-sudski-izvrsitelji-prodavali-imovinu-nezakonito-podnosimo-tuzbu","status":"publish","type":"post","link":"https:\/\/gradski.me\/en\/drustvo\/radnici-vektra-boke-sudski-izvrsitelji-prodavali-imovinu-nezakonito-podnosimo-tuzbu\/","title":{"rendered":"Vektra Boka workers: Bailiffs sold property illegally, we are filing a lawsuit"},"content":{"rendered":"<p><\/p>\n\n\n\n<p>Kako navode, kupac hotela Igalo i radnici, kao povjerioci, na\u0161li su se u situaciji da i pored prodaje imovine nijesu napla\u0107eni, jer se kupac jo\u0161 nije mogao uknji\u017eiti zbog, kako tvrde, \u201eprevare sudskih izvr\u0161itelja i nepo\u0161tovanja zakona\u201c.<\/p>\n\n\n\n<p>Ovo se navodi u saop\u0161tenju koje je poslalo ovla\u0161\u0107eno lice dijela radnika kao povjerilaca i NVO Udru\u017eenje radnika Vektra Boka \u0110or\u0111e Rajak.<\/p>\n\n\n\n<p>Posebno se pominje sudski izvr\u0161itelj Jasminka Bajovi\u0107, za koju tvrde da je \u201eprodavala tu\u0111u imovinu po svaku cijenu, ne po\u0161tuju\u0107i zakonske procedure, uz podr\u0161ku pojedinaca sa li\u010dnim interesima\u201c. Dodaju da su placevi i hotel Igalo prodati \u201eu bescjenje\u201c, dok su kamate obra\u010dunavane \u201epo metodama koje nikome nijesu bile poznate\u201c.<\/p>\n\n\n\n<p>\u201eRadnici su trebali biti prvi na naplati, a nijesu dobili ni cent, iako se tvrdilo da se imovina prodaje upravo zbog radnika\u201c, navodi se u saop\u0161tenju.<\/p>\n\n\n\n<p>Udru\u017eenje tvrdi da postoji \u201esprega izme\u0111u pojedinih sudskih izvr\u0161itelja, advokata, la\u017enog sindikalnog predstavnika i njegovih saradnika\u201c, te da su falsifikovani potpisi radnika, \u010dime su u zabludu dovedene dr\u017eavne institucije, me\u0111u kojima Privredni sud, Ministarstvo turizma, Ministarstvo rada i socijalnog staranja i Savjet za privatizaciju.<\/p>\n\n\n\n<p>Radnici zahtijevaju da se:<\/p>\n\n\n\n<ul class=\"wp-block-list\">\n<li>poni\u0161te svi kupoprodajni ugovori imovine Vektra Boke prodati preko izvr\u0161itelja,<\/li>\n\n\n\n<li>ukine odluka Privrednog suda o neuvodenju drugog ste\u010daja, za koju tvrde da je donijeta na osnovu falsifikovanih radnji,<\/li>\n\n\n\n<li>svi akteri izvedu pred lice pravde.<\/li>\n<\/ul>\n\n\n\n<p>\u201eJedini na\u010din da se rije\u0161e i radnici i kupac jeste tu\u017eba protiv oba izvr\u0161itelja. Podr\u017eavamo kupca da mu se vrate sredstva, jer je i on prevaren\u201c, poru\u010duje Udru\u017eenje radnika.<\/p>\n\n\n\n<p>Oni tvrde i da \u201epojedini biv\u0161i predsjednici sudova i mo\u0107nici vr\u0161e pritisak na sud u Kotoru da poni\u0161ti odluku Osnovnog suda Herceg Novi\u201c, te najavljuju da \u0107e o svemu obavijestiti Specijalno dr\u017eavno tu\u017eila\u0161tvo.<\/p>\n\n\n\n<p>Radnici Vektra Boke isti\u010du da ne\u0107e odustati od svojih prava iz radnog odnosa, kolektivnog i kupoprodajnog ugovora, te o\u010dekuju podr\u0161ku Vlade i resornih ministarstava.<\/p>","protected":false},"excerpt":{"rendered":"<p>Radnici biv\u0161e Vektra Boke i NVO Udru\u017eenje radnika te kompanije saop\u0161tili su da su njihove ranije tvrdnje o nezakonitim radnjama sudskih izvr\u0161itelja sada potvr\u0111ene, te najavili tu\u017ebu radi povra\u0107aja imovine i naknade \u0161tete.<\/p>","protected":false},"author":1,"featured_media":817840,"comment_status":"open","ping_status":"open","sticky":false,"template":"","format":"standard","meta":{"_acf_changed":false,"footnotes":"","jetpack_publicize_message":"","jetpack_publicize_feature_enabled":true,"jetpack_social_post_already_shared":false,"jetpack_social_options":{"image_generator_settings":{"template":"highway","default_image_id":0,"font":"","enabled":false},"version":2}},"categories":[9],"tags":[3421,3422,3423,3424,3425],"naslovna":[],"class_list":["post-817839","post","type-post","status-publish","format-standard","has-post-thumbnail","hentry","category-drustvo","tag-podnosenje-tuzbe","tag-prodavanje-imovine","tag-radnici","tag-sudski-izvrsitelji","tag-vektra-boka"],"acf":[],"jetpack_publicize_connections":[],"_links":{"self":[{"href":"https:\/\/gradski.me\/en\/wp-json\/wp\/v2\/posts\/817839","targetHints":{"allow":["GET"]}}],"collection":[{"href":"https:\/\/gradski.me\/en\/wp-json\/wp\/v2\/posts"}],"about":[{"href":"https:\/\/gradski.me\/en\/wp-json\/wp\/v2\/types\/post"}],"author":[{"embeddable":true,"href":"https:\/\/gradski.me\/en\/wp-json\/wp\/v2\/users\/1"}],"replies":[{"embeddable":true,"href":"https:\/\/gradski.me\/en\/wp-json\/wp\/v2\/comments?post=817839"}],"version-history":[{"count":0,"href":"https:\/\/gradski.me\/en\/wp-json\/wp\/v2\/posts\/817839\/revisions"}],"wp:featuredmedia":[{"embeddable":true,"href":"https:\/\/gradski.me\/en\/wp-json\/wp\/v2\/media\/817840"}],"wp:attachment":[{"href":"https:\/\/gradski.me\/en\/wp-json\/wp\/v2\/media?parent=817839"}],"wp:term":[{"taxonomy":"category","embeddable":true,"href":"https:\/\/gradski.me\/en\/wp-json\/wp\/v2\/categories?post=817839"},{"taxonomy":"post_tag","embeddable":true,"href":"https:\/\/gradski.me\/en\/wp-json\/wp\/v2\/tags?post=817839"},{"taxonomy":"naslovna","embeddable":true,"href":"https:\/\/gradski.me\/en\/wp-json\/wp\/v2\/naslovna?post=817839"}],"curies":[{"name":"wp","href":"https:\/\/api.w.org\/{rel}","templated":true}]}}