{"id":817147,"date":"2025-08-20T16:16:00","date_gmt":"2025-08-20T14:16:00","guid":{"rendered":"https:\/\/gradski.me\/?p=817147"},"modified":"2025-08-20T16:16:00","modified_gmt":"2025-08-20T14:16:00","slug":"musa-i-definitivno-propusta-eurobasket","status":"publish","type":"post","link":"https:\/\/gradski.me\/en\/sport\/musa-i-definitivno-propusta-eurobasket\/","title":{"rendered":"Musa i definitivno propu\u0161ta Eurobasket"},"content":{"rendered":"<p>Novi \u010dlan Dubaija nije uspio da se oporavi nakon operacije trbu\u0161nog zida u Minhenu, pa je, u dogovoru sa selektorom Adisom Be\u0107iragi\u0107em i medicinskim timom, donio te\u0161ku odluku da otka\u017ee nastup. <\/p>\n\n\n\n<p>U emotivnoj poruci objavljenoj na dru\u0161tvenim mre\u017eama, Musa je istakao da mu se \u201csrce slama\u201d jer ne\u0107e mo\u0107i da bude uz saigra\u010de i bori se za domovinu. <\/p>\n\n\n\n<p>Dodao je da je operacija bila neophodna i da se prvi put suo\u010dava sa ovako ozbiljnom situacijom. <\/p>\n\n\n\n<p>Iz Ko\u0161arka\u0161kog saveza BiH poru\u010dili su da mu \u017eele brz i uspje\u0161an oporavak, nagla\u0161avaju\u0107i njegovu ogromnu \u017eelju da nastupi.<\/p>\n\n\n\n<p>BiH \u0107e Eurobasket otvoriti 28. avgusta protiv Kipra, a u grupi se jo\u0161 nalaze \u0160panija, Gr\u010dka, Italija i Gruzija.<\/p>","protected":false},"excerpt":{"rendered":"<p>Ko\u0161arka\u0161ka reprezentacija Bosne i Hercegovine na predstoje\u0107em Eurobasketu bi\u0107e li\u0161ena pomo\u0107i jednog od svojih klju\u010dnih igra\u010da &#8211; D\u017eanana Muse. <\/p>","protected":false},"author":1,"featured_media":817148,"comment_status":"open","ping_status":"open","sticky":false,"template":"","format":"standard","meta":{"_acf_changed":false,"footnotes":"","jetpack_publicize_message":"","jetpack_publicize_feature_enabled":true,"jetpack_social_post_already_shared":false,"jetpack_social_options":{"image_generator_settings":{"template":"highway","default_image_id":0,"font":"","enabled":false},"version":2}},"categories":[15],"tags":[3256,2920,3257],"naslovna":[],"class_list":["post-817147","post","type-post","status-publish","format-standard","has-post-thumbnail","hentry","category-sport","tag-dzanan-musa","tag-eurobasket-2025","tag-muska-kosarkaska-reprezentacija-bih"],"acf":[],"jetpack_publicize_connections":[],"_links":{"self":[{"href":"https:\/\/gradski.me\/en\/wp-json\/wp\/v2\/posts\/817147","targetHints":{"allow":["GET"]}}],"collection":[{"href":"https:\/\/gradski.me\/en\/wp-json\/wp\/v2\/posts"}],"about":[{"href":"https:\/\/gradski.me\/en\/wp-json\/wp\/v2\/types\/post"}],"author":[{"embeddable":true,"href":"https:\/\/gradski.me\/en\/wp-json\/wp\/v2\/users\/1"}],"replies":[{"embeddable":true,"href":"https:\/\/gradski.me\/en\/wp-json\/wp\/v2\/comments?post=817147"}],"version-history":[{"count":0,"href":"https:\/\/gradski.me\/en\/wp-json\/wp\/v2\/posts\/817147\/revisions"}],"wp:featuredmedia":[{"embeddable":true,"href":"https:\/\/gradski.me\/en\/wp-json\/wp\/v2\/media\/817148"}],"wp:attachment":[{"href":"https:\/\/gradski.me\/en\/wp-json\/wp\/v2\/media?parent=817147"}],"wp:term":[{"taxonomy":"category","embeddable":true,"href":"https:\/\/gradski.me\/en\/wp-json\/wp\/v2\/categories?post=817147"},{"taxonomy":"post_tag","embeddable":true,"href":"https:\/\/gradski.me\/en\/wp-json\/wp\/v2\/tags?post=817147"},{"taxonomy":"naslovna","embeddable":true,"href":"https:\/\/gradski.me\/en\/wp-json\/wp\/v2\/naslovna?post=817147"}],"curies":[{"name":"wp","href":"https:\/\/api.w.org\/{rel}","templated":true}]}}