{"id":816144,"date":"2025-08-19T11:27:00","date_gmt":"2025-08-19T09:27:00","guid":{"rendered":"https:\/\/gradski.me\/?p=816144"},"modified":"2025-08-19T11:27:00","modified_gmt":"2025-08-19T09:27:00","slug":"sutjeska-zadrzala-jezgro-tima-trojac-produzio-vjernost","status":"publish","type":"post","link":"https:\/\/gradski.me\/en\/sport\/sutjeska-zadrzala-jezgro-tima-trojac-produzio-vjernost\/","title":{"rendered":"Sutjeska zadr\u017eala jezgro tima &#8211; trojac produ\u017eio vjernost"},"content":{"rendered":"<p>Kapiten Barovi\u0107 \u0107e i naredne sezone predvoditi Nik\u0161i\u0107ane, nakon \u0161to je u prethodne dvije ostavio sna\u017ean pe\u010dat, a u bogatoj karijeri nastupao je za vi\u0161e klubova \u0161irom Evrope i bio \u0161ampion Crne Gore, ABA i Bugarske lige. <\/p>\n\n\n\n<p>Vulevi\u0107, koji je ponikao u Sutjesci, vratio se u klub 2022. godine i od tada je standardni \u010dlan prve postave. <\/p>\n\n\n\n<p>Ota\u0161evi\u0107, tako\u0111e dijete kluba, pro\u0161ao je kroz ameri\u010dki koled\u017e sistem, a pro\u0161log ljeta vratio se u mati\u010dni tim.<\/p>\n\n\n\n<p>Klupu Sutjeske ovog ljeta preuzeo je nekada\u0161nji reprezentativac Srbije, Marko Simonovi\u0107. <\/p>\n\n\n\n<p>Nik\u0161i\u0107ani \u0107e se ove sezone takmi\u010diti u ABA2 ligi i doma\u0107em \u0161ampionatu (I A MCKL). <\/p>\n\n\n\n<p>Prvo kolo drugog po kvalitetu regionalnog takmi\u010denja igraju u gostima protiv \u0160irokog. <\/p>\n\n\n\n<p>ABA2 liga \u0107e se igrati u novom formatu \u2013 po osam utakmica u liga\u0161kom dijelu, a zatim plej-of koji se igra na dvije pobjede.<\/p>","protected":false},"excerpt":{"rendered":"<p>Sutjeska Elektroprivreda nastavila je sa formiranjem tima za novu sezonu, a trojica doma\u0107ih igra\u010da \u2013 Filip Barovi\u0107, Andrej Vulevi\u0107 i \u0110or\u0111e Ota\u0161evi\u0107 \u2013 produ\u017eila su ugovore sa klubom. <\/p>","protected":false},"author":1,"featured_media":635778,"comment_status":"open","ping_status":"open","sticky":false,"template":"","format":"standard","meta":{"_acf_changed":false,"footnotes":"","jetpack_publicize_message":"","jetpack_publicize_feature_enabled":true,"jetpack_social_post_already_shared":false,"jetpack_social_options":{"image_generator_settings":{"template":"highway","default_image_id":0,"font":"","enabled":false},"version":2}},"categories":[15],"tags":[3095,3096,3097,3098,189],"naslovna":[],"class_list":["post-816144","post","type-post","status-publish","format-standard","has-post-thumbnail","hentry","category-sport","tag-andrej-vulevic","tag-djordje-otasevic","tag-filip-barovic","tag-kk-sutjeska-elektroprivreda","tag-kosarka"],"acf":[],"jetpack_publicize_connections":[],"_links":{"self":[{"href":"https:\/\/gradski.me\/en\/wp-json\/wp\/v2\/posts\/816144","targetHints":{"allow":["GET"]}}],"collection":[{"href":"https:\/\/gradski.me\/en\/wp-json\/wp\/v2\/posts"}],"about":[{"href":"https:\/\/gradski.me\/en\/wp-json\/wp\/v2\/types\/post"}],"author":[{"embeddable":true,"href":"https:\/\/gradski.me\/en\/wp-json\/wp\/v2\/users\/1"}],"replies":[{"embeddable":true,"href":"https:\/\/gradski.me\/en\/wp-json\/wp\/v2\/comments?post=816144"}],"version-history":[{"count":0,"href":"https:\/\/gradski.me\/en\/wp-json\/wp\/v2\/posts\/816144\/revisions"}],"wp:featuredmedia":[{"embeddable":true,"href":"https:\/\/gradski.me\/en\/wp-json\/wp\/v2\/media\/635778"}],"wp:attachment":[{"href":"https:\/\/gradski.me\/en\/wp-json\/wp\/v2\/media?parent=816144"}],"wp:term":[{"taxonomy":"category","embeddable":true,"href":"https:\/\/gradski.me\/en\/wp-json\/wp\/v2\/categories?post=816144"},{"taxonomy":"post_tag","embeddable":true,"href":"https:\/\/gradski.me\/en\/wp-json\/wp\/v2\/tags?post=816144"},{"taxonomy":"naslovna","embeddable":true,"href":"https:\/\/gradski.me\/en\/wp-json\/wp\/v2\/naslovna?post=816144"}],"curies":[{"name":"wp","href":"https:\/\/api.w.org\/{rel}","templated":true}]}}