{"id":815934,"date":"2025-08-18T18:56:00","date_gmt":"2025-08-18T16:56:00","guid":{"rendered":"https:\/\/gradski.me\/?p=815934"},"modified":"2025-08-18T18:56:00","modified_gmt":"2025-08-18T16:56:00","slug":"sep-da-se-novim-zakonskim-rjesenjima-pokaze-makar-minimalna-odgovornost-prema-vatrogascima-koji-su-zivotima-branili-ovu-zemlju","status":"publish","type":"post","link":"https:\/\/gradski.me\/en\/politika\/sep-da-se-novim-zakonskim-rjesenjima-pokaze-makar-minimalna-odgovornost-prema-vatrogascima-koji-su-zivotima-branili-ovu-zemlju\/","title":{"rendered":"SEP: Da se novim zakonskim rje\u0161enjima poka\u017ee makar minimalna odgovornost prema vatrogascima koji su \u017eivotima branili ovu zemlju"},"content":{"rendered":"<p><\/p>\n\n\n\n<p>Zahvaljujemo svim vatrogascima u Crnoj Gori, kolegama iz Austrije i \u0160vajcarske, kao i susjednim dr\u017eavama koje su pomogle helikopterima i kanaderima. Njihova solidarnost pokazala je \u0161ta zna\u010di istinska pomo\u0107 u najte\u017eim trenucima.<br>Me\u0111utim, ne mo\u017eemo pre\u0107i preko \u010dinjenica:<\/p>\n\n\n\n<ul class=\"wp-block-list\">\n<li>16 sezonskih vatrogasaca i dalje nema rje\u0161enje, iako su rame uz rame sa stalno zaposlenima branili Podgoricu i okolinu;<\/li>\n\n\n\n<li>Svi vatrogasci imaju preko 60 prekovremenih sati, a obe\u0107ava im se pla\u0107anje svega 32;<\/li>\n\n\n\n<li>Dok je vi\u0161e od 20 ku\u0107a izgorjelo, hangari nestali, vatrogasci povrije\u0111eni i uga\u0161en jedan ljudski \u017eivot, pojedini funkcioneri su se bavili slikanjem, spavanjem i odmaranjem, dok su drugi spremni da preuzmu zasluge koje nisu zaradili.<\/li>\n<\/ul>\n\n\n\n<p>&#8220;Podsje\u0107amo: bud\u017eet Glavnog grada iznosi 159 miliona eura. Nema opravdanja da se ne izdvoje sredstva za: trajno zapo\u0161ljavanje vatrogasaca sezonskog anga\u017emana, isplatu svakog prekovremenog sata, nabavku novih vozila i specijalizovane opreme za \u0161umske po\u017eare, uniforme i za\u0161titnu opremu koja danas nedostaje&#8220;, navode iz SEP-a.<\/p>\n\n\n\n<p>Tako\u0111e, pozivamo nosioce vlasti da hitno otpo\u010dnu izradu Zakona o vatrogastvu, kojim \u0107e vatrogasci dobiti status slu\u017ebenih lica, kao i izmjene Zakona o za\u0161titi i spa\u0161avanju, jer trenutni pravni okvir ne prati realne potrebe i rizike profesije, istakli su iz SEP-a.<\/p>\n\n\n\n<p>&#8220;Vrijeme je da se prestane sa politi\u010dkim kalkulacijama i da se poka\u017ee minimalna odgovornost prema ljudima koji su doslovno \u017eivotima branili ovu zemlju. Sve drugo bila bi jo\u0161 jedna nepravda u nizu&#8220;, zaklju\u010duju iz Stranke evropskog progresa.<\/p>","protected":false},"excerpt":{"rendered":"<p>Dok su po\u017eari gutali Podgoricu i okolinu, na prvoj liniji odbrane stajali su ljudi koji nijesu razmi\u0161ljali ni o satima i umoru, niti o tome ho\u0107e li za svoj rad biti pla\u0107eni. Oni su mislili samo na to kako da sa\u010duvaju \u017eivot i imovinu svojih sugra\u0111ana. Njihova \u017ertva je neprocjenjiva, saop\u0161tili su iz Stranke evropskog progresa.<\/p>","protected":false},"author":1,"featured_media":624912,"comment_status":"open","ping_status":"open","sticky":false,"template":"","format":"standard","meta":{"_acf_changed":false,"footnotes":"","jetpack_publicize_message":"","jetpack_publicize_feature_enabled":true,"jetpack_social_post_already_shared":false,"jetpack_social_options":{"image_generator_settings":{"template":"highway","default_image_id":0,"font":"","enabled":false},"version":2}},"categories":[7],"tags":[3040,3041,2099,3042,3043],"naslovna":[],"class_list":["post-815934","post","type-post","status-publish","format-standard","has-post-thumbnail","hentry","category-politika","tag-minimalna-odgovornost","tag-stranka-evropskog-progresa","tag-vatrogasci","tag-zakonska-rjesenja","tag-zivoti"],"acf":[],"jetpack_publicize_connections":[],"_links":{"self":[{"href":"https:\/\/gradski.me\/en\/wp-json\/wp\/v2\/posts\/815934","targetHints":{"allow":["GET"]}}],"collection":[{"href":"https:\/\/gradski.me\/en\/wp-json\/wp\/v2\/posts"}],"about":[{"href":"https:\/\/gradski.me\/en\/wp-json\/wp\/v2\/types\/post"}],"author":[{"embeddable":true,"href":"https:\/\/gradski.me\/en\/wp-json\/wp\/v2\/users\/1"}],"replies":[{"embeddable":true,"href":"https:\/\/gradski.me\/en\/wp-json\/wp\/v2\/comments?post=815934"}],"version-history":[{"count":0,"href":"https:\/\/gradski.me\/en\/wp-json\/wp\/v2\/posts\/815934\/revisions"}],"wp:featuredmedia":[{"embeddable":true,"href":"https:\/\/gradski.me\/en\/wp-json\/wp\/v2\/media\/624912"}],"wp:attachment":[{"href":"https:\/\/gradski.me\/en\/wp-json\/wp\/v2\/media?parent=815934"}],"wp:term":[{"taxonomy":"category","embeddable":true,"href":"https:\/\/gradski.me\/en\/wp-json\/wp\/v2\/categories?post=815934"},{"taxonomy":"post_tag","embeddable":true,"href":"https:\/\/gradski.me\/en\/wp-json\/wp\/v2\/tags?post=815934"},{"taxonomy":"naslovna","embeddable":true,"href":"https:\/\/gradski.me\/en\/wp-json\/wp\/v2\/naslovna?post=815934"}],"curies":[{"name":"wp","href":"https:\/\/api.w.org\/{rel}","templated":true}]}}