{"id":814225,"date":"2025-08-15T20:14:00","date_gmt":"2025-08-15T18:14:00","guid":{"rendered":"https:\/\/gradski.me\/?p=814225"},"modified":"2025-08-15T20:14:00","modified_gmt":"2025-08-15T18:14:00","slug":"ehf-crna-gora-na-izuzetnom-nivou-organizovala-sampionate-evrope","status":"publish","type":"post","link":"https:\/\/gradski.me\/en\/sport\/ehf-crna-gora-na-izuzetnom-nivou-organizovala-sampionate-evrope\/","title":{"rendered":"EHF: Crna Gora na izuzetnom nivou organizovala \u0161ampionate Evrope"},"content":{"rendered":"<p>&#8222;U ime Evropske rukometne federacije, \u017eelimo da izrazimo iskrenu zahvalnost na vrhunskoj organizaciji prvenstava Evrope za igra\u010dice do 19 i do 17 godina koja su odr\u017eana ovog ljeta. Oba takmi\u010denja realizovana su na izuzetno visokom nivou, sa pa\u017eljivom pripremom, besprekornom organizacijom i toplom dobrodo\u0161licom za sve u\u010desnike. Prisustvovali smo utakmicama vrhunskog kvaliteta, odigranim u sjajnoj atmosferi koja je odra\u017eavala strast i duh na\u0161eg sporta. Nema sumnje da su ova prvenstva bila nezaboravno iskustvo za sve u\u010desnike \u2013 sportistkinje, zvani\u010dnike i navija\u010de&#8220;, navodi se iz EHF-a.<\/p>\n\n\n\n<p>Istakli su da raduju nastavku saradnje sa RSCG.<\/p>\n\n\n\n<p>&#8222;Jo\u0161 jednom ste dokazali da Rukometni savez Crne Gore i Organizacioni odbor predstavljaju izuzetnog doma\u0107ina takmi\u010denja mla\u0111ih kategorija \u2013 tradiciju koju sada cijene ne samo ekipe u\u010desnice, ve\u0107 i EHF. Tako\u0111e, \u017eelimo da uputimo iskrene \u010destitke \u017eenskoj kadetskoj reprezentaciji Crne Gore na osvojenoj bronzanoj medalji na Evropskom prvenstvu. Kombinovanje ovog sportskog uspjeha sa besprekornom organizacijom dva velika prvenstva u\u010dinilo je ovo ljeto posebnim i za Crnu Goru i za evropski rukomet. Jo\u0161 jednom hvala na va\u0161em profesionalizmu, posve\u0107enosti i predanosti. Radujemo se nastavku na\u0161e uspje\u0161ne saradnje u godinama koje dolaze&#8220;, navodi se u pismu.<\/p>","protected":false},"excerpt":{"rendered":"<p>Crna Gora je ovog ljeta postala prva dr\u017eava koja je u jednoj godini, u rukometu organizovala dva prvenstva Evrope, oba u mla\u0111im kategorijama. Zbog toga je stiglo priznanje od Evropske rukometne federacije, uz \u010destitku na bronzanoj medalji koju su osvojile na\u0161e kadetkinje.<\/p>","protected":false},"author":1,"featured_media":814226,"comment_status":"open","ping_status":"open","sticky":false,"template":"","format":"standard","meta":{"_acf_changed":false,"footnotes":"","jetpack_publicize_message":"","jetpack_publicize_feature_enabled":true,"jetpack_social_post_already_shared":false,"jetpack_social_options":{"image_generator_settings":{"template":"highway","default_image_id":0,"font":"","enabled":false},"version":2}},"categories":[15],"tags":[2764,1080],"naslovna":[],"class_list":["post-814225","post","type-post","status-publish","format-standard","has-post-thumbnail","hentry","category-sport","tag-ehf","tag-rscg"],"acf":[],"jetpack_publicize_connections":[],"_links":{"self":[{"href":"https:\/\/gradski.me\/en\/wp-json\/wp\/v2\/posts\/814225","targetHints":{"allow":["GET"]}}],"collection":[{"href":"https:\/\/gradski.me\/en\/wp-json\/wp\/v2\/posts"}],"about":[{"href":"https:\/\/gradski.me\/en\/wp-json\/wp\/v2\/types\/post"}],"author":[{"embeddable":true,"href":"https:\/\/gradski.me\/en\/wp-json\/wp\/v2\/users\/1"}],"replies":[{"embeddable":true,"href":"https:\/\/gradski.me\/en\/wp-json\/wp\/v2\/comments?post=814225"}],"version-history":[{"count":0,"href":"https:\/\/gradski.me\/en\/wp-json\/wp\/v2\/posts\/814225\/revisions"}],"wp:featuredmedia":[{"embeddable":true,"href":"https:\/\/gradski.me\/en\/wp-json\/wp\/v2\/media\/814226"}],"wp:attachment":[{"href":"https:\/\/gradski.me\/en\/wp-json\/wp\/v2\/media?parent=814225"}],"wp:term":[{"taxonomy":"category","embeddable":true,"href":"https:\/\/gradski.me\/en\/wp-json\/wp\/v2\/categories?post=814225"},{"taxonomy":"post_tag","embeddable":true,"href":"https:\/\/gradski.me\/en\/wp-json\/wp\/v2\/tags?post=814225"},{"taxonomy":"naslovna","embeddable":true,"href":"https:\/\/gradski.me\/en\/wp-json\/wp\/v2\/naslovna?post=814225"}],"curies":[{"name":"wp","href":"https:\/\/api.w.org\/{rel}","templated":true}]}}