{"id":814021,"date":"2025-08-15T13:40:00","date_gmt":"2025-08-15T11:40:00","guid":{"rendered":"https:\/\/gradski.me\/?p=814021"},"modified":"2025-08-15T13:40:00","modified_gmt":"2025-08-15T11:40:00","slug":"pocelo-asfaltiranje-i-sanacija-u-bjelopoljskim-selima","status":"publish","type":"post","link":"https:\/\/gradski.me\/en\/drustvo\/pocelo-asfaltiranje-i-sanacija-u-bjelopoljskim-selima\/","title":{"rendered":"Po\u010delo asfaltiranje i sanacija u bjelopoljskim selima"},"content":{"rendered":"<p><\/p>\n\n\n\n<p>Kako je saop\u0161teno, radovi na ovom pravcu predstavljaju jedan od vi\u0161e predvi\u0111enih iz ugovora zaklju\u010denog sa Op\u0161tinom Bijelo Polje u okviru mjere \u201eRazvoj sela i izgradnja infrastrukture\u201c, kao i niza drugih pravaca u okviru ove mjere.<\/p>\n\n\n\n<p>Nakon zavr\u0161etka radova na ovom, nastavi\u0107e se sa sanacijom i asfaltiranjem preostalih putnih pravca predvi\u0111enih ovom mjerom.<\/p>\n\n\n\n<p>\u201eOvim projektom potvr\u0111ujemo posve\u0107enost Ministarstva unapre\u0111enju ruralne infrastrukture i pobolj\u0161anju kvaliteta \u017eivota u selima bjelopoljske op\u0161tine, uz nastavak podr\u0161ke i za mnoge predstoje\u0107e projekte\u201c, istakao je Ra\u0111enovi\u0107.<\/p>","protected":false},"excerpt":{"rendered":"<p>Dr\u017eavni sekretar u Ministarstvu poljoprivrede, \u0161umarstva i vodoprivrede Krsto Ra\u0111enovi\u0107 obi\u0161ao je danas radove u selu Ostrelj, Op\u0161tina Bijelo Polje, gdje je zapo\u010deto asfaltiranje i sanacija jednog ve\u0107eg broja putnih pravaca u selima bjelopoljske op\u0161tine, a koje finansira ovaj resor.<\/p>","protected":false},"author":1,"featured_media":814022,"comment_status":"open","ping_status":"open","sticky":false,"template":"","format":"standard","meta":{"_acf_changed":false,"footnotes":"","jetpack_publicize_message":"","jetpack_publicize_feature_enabled":true,"jetpack_social_post_already_shared":false,"jetpack_social_options":{"image_generator_settings":{"template":"highway","default_image_id":0,"font":"","enabled":false},"version":2}},"categories":[9],"tags":[2714,2715],"naslovna":[],"class_list":["post-814021","post","type-post","status-publish","format-standard","has-post-thumbnail","hentry","category-drustvo","tag-krsto-radjenovic","tag-ministarstvo-poljoprivrede"],"acf":[],"jetpack_publicize_connections":[],"_links":{"self":[{"href":"https:\/\/gradski.me\/en\/wp-json\/wp\/v2\/posts\/814021","targetHints":{"allow":["GET"]}}],"collection":[{"href":"https:\/\/gradski.me\/en\/wp-json\/wp\/v2\/posts"}],"about":[{"href":"https:\/\/gradski.me\/en\/wp-json\/wp\/v2\/types\/post"}],"author":[{"embeddable":true,"href":"https:\/\/gradski.me\/en\/wp-json\/wp\/v2\/users\/1"}],"replies":[{"embeddable":true,"href":"https:\/\/gradski.me\/en\/wp-json\/wp\/v2\/comments?post=814021"}],"version-history":[{"count":0,"href":"https:\/\/gradski.me\/en\/wp-json\/wp\/v2\/posts\/814021\/revisions"}],"wp:featuredmedia":[{"embeddable":true,"href":"https:\/\/gradski.me\/en\/wp-json\/wp\/v2\/media\/814022"}],"wp:attachment":[{"href":"https:\/\/gradski.me\/en\/wp-json\/wp\/v2\/media?parent=814021"}],"wp:term":[{"taxonomy":"category","embeddable":true,"href":"https:\/\/gradski.me\/en\/wp-json\/wp\/v2\/categories?post=814021"},{"taxonomy":"post_tag","embeddable":true,"href":"https:\/\/gradski.me\/en\/wp-json\/wp\/v2\/tags?post=814021"},{"taxonomy":"naslovna","embeddable":true,"href":"https:\/\/gradski.me\/en\/wp-json\/wp\/v2\/naslovna?post=814021"}],"curies":[{"name":"wp","href":"https:\/\/api.w.org\/{rel}","templated":true}]}}