{"id":813450,"date":"2025-08-14T17:00:00","date_gmt":"2025-08-14T15:00:00","guid":{"rendered":"https:\/\/gradski.me\/?p=813450"},"modified":"2026-03-03T19:44:57","modified_gmt":"2026-03-03T18:44:57","slug":"uz-pocasnu-paljbu-saborci-iz-vojske-crne-gore-se-oprostili-od-dejana-bozovica","status":"publish","type":"post","link":"https:\/\/gradski.me\/en\/drustvo\/uz-pocasnu-paljbu-saborci-iz-vojske-crne-gore-se-oprostili-od-dejana-bozovica\/","title":{"rendered":"Uz po\u010dasnu paljbu saborci iz Vojske Crne Gore se oprostili od Dejana Bo\u017eovi\u0107a"},"content":{"rendered":"<p><\/p>\n\n\n\n<p>\u201cNjegovo ime i djelo osta\u0107e urezani u sje\u0107anju Vojske i gra\u0111ana Crne Gore. Po\u010divaj u miru. Slava ti i hvala\u201d, saop\u0161teno je iz Ministarstva odbrane.<\/p>\n\n\n\n<p><\/p>\n\n\n\n<p><\/p>","protected":false},"excerpt":{"rendered":"<p>Uz po\u010dasnu paljbu saborci iz Vojske Crne Gore oprostili su se od hrabrog mla\u0111eg vodnika Dejana Bo\u017eovi\u0107a, koji je \u017eivot polo\u017eio u borbi sa vatrenom stihijom.<\/p>","protected":false},"author":1,"featured_media":813451,"comment_status":"open","ping_status":"open","sticky":false,"template":"","format":"standard","meta":{"_acf_changed":false,"footnotes":"","jetpack_publicize_message":"","jetpack_publicize_feature_enabled":true,"jetpack_social_post_already_shared":false,"jetpack_social_options":{"image_generator_settings":{"template":"highway","default_image_id":0,"font":"","enabled":false},"version":2}},"categories":[9],"tags":[2325,4029,405,4030],"naslovna":[],"class_list":["post-813450","post","type-post","status-publish","format-standard","has-post-thumbnail","hentry","category-drustvo","tag-kuci","tag-obezbjedjenje-prilaza","tag-voda","tag-vojni-helikopter"],"acf":[],"jetpack_publicize_connections":[],"_links":{"self":[{"href":"https:\/\/gradski.me\/en\/wp-json\/wp\/v2\/posts\/813450","targetHints":{"allow":["GET"]}}],"collection":[{"href":"https:\/\/gradski.me\/en\/wp-json\/wp\/v2\/posts"}],"about":[{"href":"https:\/\/gradski.me\/en\/wp-json\/wp\/v2\/types\/post"}],"author":[{"embeddable":true,"href":"https:\/\/gradski.me\/en\/wp-json\/wp\/v2\/users\/1"}],"replies":[{"embeddable":true,"href":"https:\/\/gradski.me\/en\/wp-json\/wp\/v2\/comments?post=813450"}],"version-history":[{"count":1,"href":"https:\/\/gradski.me\/en\/wp-json\/wp\/v2\/posts\/813450\/revisions"}],"predecessor-version":[{"id":913581,"href":"https:\/\/gradski.me\/en\/wp-json\/wp\/v2\/posts\/813450\/revisions\/913581"}],"wp:featuredmedia":[{"embeddable":true,"href":"https:\/\/gradski.me\/en\/wp-json\/wp\/v2\/media\/813451"}],"wp:attachment":[{"href":"https:\/\/gradski.me\/en\/wp-json\/wp\/v2\/media?parent=813450"}],"wp:term":[{"taxonomy":"category","embeddable":true,"href":"https:\/\/gradski.me\/en\/wp-json\/wp\/v2\/categories?post=813450"},{"taxonomy":"post_tag","embeddable":true,"href":"https:\/\/gradski.me\/en\/wp-json\/wp\/v2\/tags?post=813450"},{"taxonomy":"naslovna","embeddable":true,"href":"https:\/\/gradski.me\/en\/wp-json\/wp\/v2\/naslovna?post=813450"}],"curies":[{"name":"wp","href":"https:\/\/api.w.org\/{rel}","templated":true}]}}