{"id":813006,"date":"2025-08-14T07:11:00","date_gmt":"2025-08-14T05:11:00","guid":{"rendered":"https:\/\/gradski.me\/?p=813006"},"modified":"2025-08-14T07:11:00","modified_gmt":"2025-08-14T05:11:00","slug":"dan-zalosti-u-crnoj-gori-zbog-smrti-vojnika-bozovica","status":"publish","type":"post","link":"https:\/\/gradski.me\/en\/drustvo\/dan-zalosti-u-crnoj-gori-zbog-smrti-vojnika-bozovica\/","title":{"rendered":"Dan \u017ealosti u Crnoj Gori zbog smrti vojnika Bo\u017eovi\u0107a"},"content":{"rendered":"<p><\/p>\n\n\n\n<p>\u201eVlada Crne Gore je na telefonskoj sjednici donijela Odluku da, povodom tragi\u010dno izgubljenog \u017eivota mla\u0111eg vodnika Dejana Bo\u017eovi\u0107a u naporima da se pobijedi vatrena stihija koja je zahvatila Crnu Goru, \u010detvrtak 14. avgust 2025. godine proglasi za Dan \u017ealosti\u201c, saop\u0161teno je ju\u010de iz Vlade.<\/p>\n\n\n\n<p>Povodom Dana \u017ealosti, u skladu sa Zakonom o dr\u017eavnim simbolima i Danu dr\u017eavnosti, zastave \u0107e biti spu\u0161tene na pola koplja na svim zgradama dr\u017eavnih organa i zgradama organa lokalne samouprave i javnih ustanova.<\/p>\n\n\n\n<p>U skladu sa Odlukom, na dan \u017ealosti na javnim mjestima ne\u0107e se odr\u017eavati programi javnog, kulturnog i zabavnog karaktera, a u ugostiteljskim objektima ne\u0107e se emitovati muzika.<\/p>\n\n\n\n<p>Podsje\u0107amo, nesre\u0107a se dogodila kada se prevrnuo kamion-cisterna\u00a0usljed slabe vidljivosti terena koju je uzrokovao gust dim.\u00a0<\/p>\n\n\n\n<p>&#8222;Mla\u0111i vodnik Bo\u017eovi\u0107 bio je pripadnik 1. pje\u0161adijskog bataljona, o\u017eenjen i otac \u010detvoro djece. U slu\u017ebi u Vojsci je bio od 2006. godine, a vr\u0161io je du\u017enost ni\u0161and\u017eije na minobaca\u010du 120mm&#8220;, saop\u0161teno je iz Ministarstva.<\/p>\n\n\n\n<p>Tokom ga\u0161enja po\u017eara povrije\u0111en je i vojnik Marko Ikovi\u0107, a koji je prema rije\u010dima na\u010delnika General\u0161taba Vojske Crne Gore Miodraga Vuksanovi\u0107a stabilno i osje\u0107a se dobro.<\/p>\n\n\n\n<p><\/p>","protected":false},"excerpt":{"rendered":"<p>Zbog tragi\u010dne smrti vojnika Dejana Bo\u017eovi\u0107a, 14. avgust progla\u0161en je za Dan \u017ealosti.<\/p>","protected":false},"author":1,"featured_media":812418,"comment_status":"open","ping_status":"open","sticky":false,"template":"","format":"standard","meta":{"_acf_changed":false,"footnotes":"","jetpack_publicize_message":"","jetpack_publicize_feature_enabled":true,"jetpack_social_post_already_shared":false,"jetpack_social_options":{"image_generator_settings":{"template":"highway","default_image_id":0,"font":"","enabled":false},"version":2}},"categories":[9],"tags":[2281,2278],"naslovna":[],"class_list":["post-813006","post","type-post","status-publish","format-standard","has-post-thumbnail","hentry","category-drustvo","tag-dan-zalosti","tag-dejan-bozovic"],"acf":[],"jetpack_publicize_connections":[],"_links":{"self":[{"href":"https:\/\/gradski.me\/en\/wp-json\/wp\/v2\/posts\/813006","targetHints":{"allow":["GET"]}}],"collection":[{"href":"https:\/\/gradski.me\/en\/wp-json\/wp\/v2\/posts"}],"about":[{"href":"https:\/\/gradski.me\/en\/wp-json\/wp\/v2\/types\/post"}],"author":[{"embeddable":true,"href":"https:\/\/gradski.me\/en\/wp-json\/wp\/v2\/users\/1"}],"replies":[{"embeddable":true,"href":"https:\/\/gradski.me\/en\/wp-json\/wp\/v2\/comments?post=813006"}],"version-history":[{"count":0,"href":"https:\/\/gradski.me\/en\/wp-json\/wp\/v2\/posts\/813006\/revisions"}],"wp:featuredmedia":[{"embeddable":true,"href":"https:\/\/gradski.me\/en\/wp-json\/wp\/v2\/media\/812418"}],"wp:attachment":[{"href":"https:\/\/gradski.me\/en\/wp-json\/wp\/v2\/media?parent=813006"}],"wp:term":[{"taxonomy":"category","embeddable":true,"href":"https:\/\/gradski.me\/en\/wp-json\/wp\/v2\/categories?post=813006"},{"taxonomy":"post_tag","embeddable":true,"href":"https:\/\/gradski.me\/en\/wp-json\/wp\/v2\/tags?post=813006"},{"taxonomy":"naslovna","embeddable":true,"href":"https:\/\/gradski.me\/en\/wp-json\/wp\/v2\/naslovna?post=813006"}],"curies":[{"name":"wp","href":"https:\/\/api.w.org\/{rel}","templated":true}]}}