{"id":812948,"date":"2025-08-13T21:45:01","date_gmt":"2025-08-13T19:45:01","guid":{"rendered":"https:\/\/gradski.me\/?p=812948"},"modified":"2025-08-13T21:45:01","modified_gmt":"2025-08-13T19:45:01","slug":"djinovic-i-dukic-na-medjunarodnom-turniru-u-sarajevu","status":"publish","type":"post","link":"https:\/\/gradski.me\/en\/sport\/djinovic-i-dukic-na-medjunarodnom-turniru-u-sarajevu\/","title":{"rendered":"\u0110inovi\u0107 i Duki\u0107 na me\u0111unarodnom turniru u Sarajevu"},"content":{"rendered":"<p>U Sarajevo je doputovala i Bojana Gojkovi\u0107 sa namjerom da u\u010destvuje na turniru, koji bi joj bio jedna od poslednjih provjera pred nastup na Svjetskom prvenstvu u Liverpulu po\u010detkom septembra, ali nije bilo prijavljenih bokserki u njenoj kategoriji \u2013 do 57 kilograma, pa \u0107e boravak u glavnom gradu Bosne i Hercegovine iskoristiti za sparing sa jednom Ukrajinkom u kategoriji do 60 kilograma.<\/p>\n\n\n\n<p>Tomislav-Bato \u0110inovi\u0107 \u0107e u \u010detvrtfinalu kategorije do 60 kilograma za rivala imati doma\u0107eg borca, reprezentativca Bosne i Hercegovine Ajnura Kuhinju, dok \u0107e se mladi Viktor Duki\u0107 u polufinalu kategorije preko 90 kilograma boriti protiv Bugarina Roselina Ba\u010devskog.<\/p>\n\n\n\n<p>Bojana Gojkovi\u0107 i Tomislav \u0110inovi\u0107 su u dru\u0161tvu selektora Nikole Ru\u017ei\u0107a u Sarajevo doputovali iz Sankt Petersburga, gdje su obavili drugu fazu priprema za Svjetsko prvenstvo. Ekipi se u glavnom gradu Bosne i Hercegovine pridru\u017eio i \u0110inovi\u0107ev trener iz BK &#8222;Zlati\u010danin&#8220; Momo Zlati\u010danin, kao i Ukrajinac Vladimir Dolgon, koji je u pratnji mladog kik boksera i boksera Viktora Duki\u0107a.<\/p>","protected":false},"excerpt":{"rendered":"<p>Bokserski savez Crne Gore \u0107e na tradicionalnom me\u0111unarodnom turniru &#8222;Mustafa Hajrulahanovi\u0107 Talijan&#8220; u Sarajevu imati dva predstavnika \u2013 Tomislava Bata \u0110inovi\u0107a i Viktora Duki\u0107a. <\/p>","protected":false},"author":1,"featured_media":812957,"comment_status":"open","ping_status":"open","sticky":false,"template":"","format":"standard","meta":{"_acf_changed":false,"footnotes":"","jetpack_publicize_message":"","jetpack_publicize_feature_enabled":true,"jetpack_social_post_already_shared":false,"jetpack_social_options":{"image_generator_settings":{"template":"highway","default_image_id":0,"font":"","enabled":false},"version":2}},"categories":[15],"tags":[2469,193,194,2470,195,2471],"naslovna":[],"class_list":["post-812948","post","type-post","status-publish","format-standard","has-post-thumbnail","hentry","category-sport","tag-mustafa-hajrulahanovic-talijan","tag-bojana-gojkovic","tag-boks","tag-medjunarodni-bokserski-turnir-u-sarajevu","tag-tomislav-djinovic","tag-viktor-dukic"],"acf":[],"jetpack_publicize_connections":[],"_links":{"self":[{"href":"https:\/\/gradski.me\/en\/wp-json\/wp\/v2\/posts\/812948","targetHints":{"allow":["GET"]}}],"collection":[{"href":"https:\/\/gradski.me\/en\/wp-json\/wp\/v2\/posts"}],"about":[{"href":"https:\/\/gradski.me\/en\/wp-json\/wp\/v2\/types\/post"}],"author":[{"embeddable":true,"href":"https:\/\/gradski.me\/en\/wp-json\/wp\/v2\/users\/1"}],"replies":[{"embeddable":true,"href":"https:\/\/gradski.me\/en\/wp-json\/wp\/v2\/comments?post=812948"}],"version-history":[{"count":0,"href":"https:\/\/gradski.me\/en\/wp-json\/wp\/v2\/posts\/812948\/revisions"}],"wp:featuredmedia":[{"embeddable":true,"href":"https:\/\/gradski.me\/en\/wp-json\/wp\/v2\/media\/812957"}],"wp:attachment":[{"href":"https:\/\/gradski.me\/en\/wp-json\/wp\/v2\/media?parent=812948"}],"wp:term":[{"taxonomy":"category","embeddable":true,"href":"https:\/\/gradski.me\/en\/wp-json\/wp\/v2\/categories?post=812948"},{"taxonomy":"post_tag","embeddable":true,"href":"https:\/\/gradski.me\/en\/wp-json\/wp\/v2\/tags?post=812948"},{"taxonomy":"naslovna","embeddable":true,"href":"https:\/\/gradski.me\/en\/wp-json\/wp\/v2\/naslovna?post=812948"}],"curies":[{"name":"wp","href":"https:\/\/api.w.org\/{rel}","templated":true}]}}