{"id":812405,"date":"2025-08-13T12:38:03","date_gmt":"2025-08-13T10:38:03","guid":{"rendered":"https:\/\/gradski.me\/?p=812405"},"modified":"2025-08-13T12:38:03","modified_gmt":"2025-08-13T10:38:03","slug":"pozar-u-canju-ugasen-vulevic-pozvao-gradjane-na-odgovorno-ponasanje","status":"publish","type":"post","link":"https:\/\/gradski.me\/en\/drustvo\/pozar-u-canju-ugasen-vulevic-pozvao-gradjane-na-odgovorno-ponasanje\/","title":{"rendered":"Po\u017ear u \u010canju uga\u0161en, Vulevi\u0107 pozvao gra\u0111ane na odgovorno pona\u0161anje"},"content":{"rendered":"<p><\/p>\n\n\n\n<p>\u201cPo\u017ear u \u010canju je uga\u0161en, povukli smo vatrogasce sa tog podru\u010dja. Na\u0161e ekipe \u0107e i u narednom periodu obilaziti po\u017eari\u0161te i biti u kontaktu sa mje\u0161tanima\u201d, kazao je Radio Baru i Bar Infu komandir Slu\u017ebe za\u0161tite <strong>Aco Vulevi\u0107.<\/strong><\/p>\n\n\n\n<p>Osim \u010canja, vatrogasci su bili anga\u017eovani na vi\u0161e lokacija \u2013 Staroj raskrsnici, Volujici, Zaljevu, Br\u010delima.<\/p>\n\n\n\n<p>Vulevi\u0107 je podsjetio da je neophodno po\u0161tovati zabranu paljenja vatri na otvorenom i pozvao gra\u0111ane na odgovorno postupanje.<\/p>\n\n\n\n<p>Tako\u0111e, pozvao je gra\u0111ane da na prvi znak po\u017eara pozovu Operativno komunikativni centar na 112 ili vatrogasce na 123.<\/p>","protected":false},"excerpt":{"rendered":"<p>Barski vatrogasci, nakon nekoliko dana borbe sa vatrenom stihijom, jutros mogu da odahnu \u2013 po\u017eari su uga\u0161eni, a dana\u0161nji dan posveti\u0107e provjeri i slaganju opreme.<\/p>","protected":false},"author":1,"featured_media":812406,"comment_status":"open","ping_status":"open","sticky":false,"template":"","format":"standard","meta":{"_acf_changed":false,"footnotes":"","jetpack_publicize_message":"","jetpack_publicize_feature_enabled":true,"jetpack_social_post_already_shared":false,"jetpack_social_options":{"image_generator_settings":{"template":"highway","default_image_id":0,"font":"","enabled":false},"version":2}},"categories":[9],"tags":[2308,2351,1990],"naslovna":[],"class_list":["post-812405","post","type-post","status-publish","format-standard","has-post-thumbnail","hentry","category-drustvo","tag-aco-vulevic","tag-bar-pozar","tag-canj"],"acf":[],"jetpack_publicize_connections":[],"_links":{"self":[{"href":"https:\/\/gradski.me\/en\/wp-json\/wp\/v2\/posts\/812405","targetHints":{"allow":["GET"]}}],"collection":[{"href":"https:\/\/gradski.me\/en\/wp-json\/wp\/v2\/posts"}],"about":[{"href":"https:\/\/gradski.me\/en\/wp-json\/wp\/v2\/types\/post"}],"author":[{"embeddable":true,"href":"https:\/\/gradski.me\/en\/wp-json\/wp\/v2\/users\/1"}],"replies":[{"embeddable":true,"href":"https:\/\/gradski.me\/en\/wp-json\/wp\/v2\/comments?post=812405"}],"version-history":[{"count":0,"href":"https:\/\/gradski.me\/en\/wp-json\/wp\/v2\/posts\/812405\/revisions"}],"wp:featuredmedia":[{"embeddable":true,"href":"https:\/\/gradski.me\/en\/wp-json\/wp\/v2\/media\/812406"}],"wp:attachment":[{"href":"https:\/\/gradski.me\/en\/wp-json\/wp\/v2\/media?parent=812405"}],"wp:term":[{"taxonomy":"category","embeddable":true,"href":"https:\/\/gradski.me\/en\/wp-json\/wp\/v2\/categories?post=812405"},{"taxonomy":"post_tag","embeddable":true,"href":"https:\/\/gradski.me\/en\/wp-json\/wp\/v2\/tags?post=812405"},{"taxonomy":"naslovna","embeddable":true,"href":"https:\/\/gradski.me\/en\/wp-json\/wp\/v2\/naslovna?post=812405"}],"curies":[{"name":"wp","href":"https:\/\/api.w.org\/{rel}","templated":true}]}}