{"id":812108,"date":"2025-08-12T21:17:10","date_gmt":"2025-08-12T19:17:10","guid":{"rendered":"https:\/\/gradski.me\/?p=812108"},"modified":"2025-08-12T21:17:10","modified_gmt":"2025-08-12T19:17:10","slug":"jovanovic-krizni-stab-obisao-buljaricu-stanje-na-terenu-stabilno-pozari-lokalizovani","status":"publish","type":"post","link":"https:\/\/gradski.me\/en\/drustvo\/jovanovic-krizni-stab-obisao-buljaricu-stanje-na-terenu-stabilno-pozari-lokalizovani\/","title":{"rendered":"Jovanovi\u0107: Krizni \u0161tab obi\u0161ao Buljaricu &#8211; stanje na terenu stabilno, po\u017eari lokalizovani"},"content":{"rendered":"<p><\/p>\n\n\n\n<p>&#8222;Ovom prilikom odajemo najdublje priznanje na\u0161im hrabrim pripadnicima Slu\u017ebe za\u0161tite i spa\u0161avanja, koji se ve\u0107 danima nadljudskim naporima bore sa vatrenom stihijom, po\u017ertvovano brane\u0107i domove i imovinu na\u0161ih sugra\u0111ana. Njihova hrabrost, istrajnost i predanost zaslu\u017euju divljenje cijele zajednice&#8220;, kazao je predsjednik Op\u0161tine Budva Nikola Jovanovi\u0107 u objavi na dru\u0161tvenim mre\u017eama.<\/p>\n\n\n\n<p>Kako je utvr\u0111eno dana\u0161njim obilaskom, situacija na terenu je stabilna, po\u017eari su lokalizovani, a ekipe ostaju na terenu i prate razvoj doga\u0111aja kako bi sprije\u010dile eventualna nova izbijanja vatre.<\/p>\n\n\n\n<p>&#8222;Zahvaljujemo se svim slu\u017ebama i gra\u0111anima koji su pru\u017eili podr\u0161ku i apelujemo da i dalje budemo oprezni i solidarni&#8220;, poru\u010dio je Jovanovi\u0107.<\/p>","protected":false},"excerpt":{"rendered":"<p>Predstavnici kriznog \u0161taba koji je formiran me\u0111uresorno od strane Op\u0161tine Budva, Uprave policije &#8211; OB Budva, Zavoda za hitnu medicinsku pomo\u0107, Doma zdravlja i Slu\u017ebe za\u0161tite i spa\u0161avanja, obi\u0161li su lokalitete u Buljarici koji su prethodnih dana zahva\u0107eni po\u017earima.<\/p>","protected":false},"author":1,"featured_media":812112,"comment_status":"open","ping_status":"open","sticky":false,"template":"","format":"standard","meta":{"_acf_changed":false,"footnotes":"","jetpack_publicize_message":"","jetpack_publicize_feature_enabled":true,"jetpack_social_post_already_shared":false,"jetpack_social_options":{"image_generator_settings":{"template":"highway","default_image_id":0,"font":"","enabled":false},"version":2}},"categories":[9],"tags":[925,368,2322,684,1416],"naslovna":[],"class_list":["post-812108","post","type-post","status-publish","format-standard","has-post-thumbnail","hentry","category-drustvo","tag-budva","tag-buljarica","tag-krizni-stab","tag-nikola-jovanovic","tag-pozari"],"acf":[],"jetpack_publicize_connections":[],"_links":{"self":[{"href":"https:\/\/gradski.me\/en\/wp-json\/wp\/v2\/posts\/812108","targetHints":{"allow":["GET"]}}],"collection":[{"href":"https:\/\/gradski.me\/en\/wp-json\/wp\/v2\/posts"}],"about":[{"href":"https:\/\/gradski.me\/en\/wp-json\/wp\/v2\/types\/post"}],"author":[{"embeddable":true,"href":"https:\/\/gradski.me\/en\/wp-json\/wp\/v2\/users\/1"}],"replies":[{"embeddable":true,"href":"https:\/\/gradski.me\/en\/wp-json\/wp\/v2\/comments?post=812108"}],"version-history":[{"count":0,"href":"https:\/\/gradski.me\/en\/wp-json\/wp\/v2\/posts\/812108\/revisions"}],"wp:featuredmedia":[{"embeddable":true,"href":"https:\/\/gradski.me\/en\/wp-json\/wp\/v2\/media\/812112"}],"wp:attachment":[{"href":"https:\/\/gradski.me\/en\/wp-json\/wp\/v2\/media?parent=812108"}],"wp:term":[{"taxonomy":"category","embeddable":true,"href":"https:\/\/gradski.me\/en\/wp-json\/wp\/v2\/categories?post=812108"},{"taxonomy":"post_tag","embeddable":true,"href":"https:\/\/gradski.me\/en\/wp-json\/wp\/v2\/tags?post=812108"},{"taxonomy":"naslovna","embeddable":true,"href":"https:\/\/gradski.me\/en\/wp-json\/wp\/v2\/naslovna?post=812108"}],"curies":[{"name":"wp","href":"https:\/\/api.w.org\/{rel}","templated":true}]}}