{"id":812065,"date":"2025-08-12T20:17:00","date_gmt":"2025-08-12T18:17:00","guid":{"rendered":"https:\/\/gradski.me\/?p=812065"},"modified":"2025-08-12T20:17:00","modified_gmt":"2025-08-12T18:17:00","slug":"crnogorska-porodica-iz-berlina-obezbijedila-stipendiju-za-skolovanje-djece-dejana-bozovica","status":"publish","type":"post","link":"https:\/\/gradski.me\/en\/drustvo\/crnogorska-porodica-iz-berlina-obezbijedila-stipendiju-za-skolovanje-djece-dejana-bozovica\/","title":{"rendered":"Crnogorska porodica iz Berlina obezbijedila stipendiju za \u0161kolovanje djece Dejana Bo\u017eovi\u0107a"},"content":{"rendered":"<p><\/p>\n\n\n\n<p>Saop\u0161tenje je medijima proslijedio prijatelj porodice Ljubomir Filipovi\u0107.<\/p>\n\n\n\n<p>&#8222;Po\u0161tovanjem i divljenjem prema herojskoj \u017ertvi pripadnika Vojske Crne Gore, Dejana Bo\u017eovi\u0107a, crnogorska porodica iz Berlina odlu\u010dila je da na poseban na\u010din oda po\u010dast njegovom sje\u0107anju i podr\u017ei njegovu porodicu u ovim te\u0161kim trenucima. U znak zahvalnosti i priznanja za njegovu hrabrost i nesebi\u010dnost, crnogorska porodica iz Berlina obezbijedila je stipendiju koja \u0107e omogu\u0107iti \u0161kolovanje i obrazovanje svih \u010detvoro djece Dejana Bo\u017eovi\u0107a. Ova humani gest predstavlja sna\u017enu poruku solidarnosti i zajedni\u0161tva crnogorske dijaspore sa svojim narodom u domovini&#8220;, navodi se u saop\u0161tenju.<\/p>\n\n\n\n<p>Stipendija \u0107e, kako je poja\u0161njeno, pokriti sve potrebe za obrazovanjem djece, od osnovnog do visokog \u0161kolovanja.<\/p>\n\n\n\n<p>&#8222;Ovo je konkretan primjer kako zajednica mo\u017ee stati uz porodicu koju je zadesila velika tragedija i pomo\u0107i im da nastave \u017eivot sa nadom i podr\u0161kom. Ova inicijativa ne samo da \u010duva sje\u0107anje na Dejana Bo\u017eovi\u0107a i njegovu herojsko djelo, nego i ja\u010da vezu me\u0111u Crnogorcima \u0161irom svijeta, potvr\u0111uju\u0107i da nije va\u017eno gdje se nalazimo, ve\u0107 koliko smo spremni da jedni druge poma\u017eemo i \u0161titimo. Crna Gora iskreno zahvaljuje crnogorskoj porodici iz Berlina na ovom plemenitom \u010dinu koji pru\u017ea svjetlost i nadu njegovoj porodici u trenucima bola i gubitka. Njegova hrabrost i \u017ertva nastavljaju da inspiri\u0161u i motivi\u0161u \u010ditavu zajednicu, a podr\u0161ka koja je stigla iz dijaspore pokazuje da su solidaritet i ljubav prema domovini neiscrpna&#8220;, pi\u0161e u saop\u0161tenju.<\/p>","protected":false},"excerpt":{"rendered":"<p>Crnogorska porodica iz Berlina, prepoznata po brojnim humanitarnim akcijama, obezbijedila je stipendiju koja \u0107e omogu\u0107iti \u0161kolovanje i obrazovanje svih \u010detvoro djece Dejana Bo\u017eovi\u0107a, pripadnika Vojske Crne Gore koji je danas stradao u akciji ga\u0161enja po\u017eara u Ku\u010dima, kod Podgorice.<\/p>","protected":false},"author":1,"featured_media":812053,"comment_status":"open","ping_status":"open","sticky":false,"template":"","format":"standard","meta":{"_acf_changed":false,"footnotes":"","jetpack_publicize_message":"","jetpack_publicize_feature_enabled":true,"jetpack_social_post_already_shared":false,"jetpack_social_options":{"image_generator_settings":{"template":"highway","default_image_id":0,"font":"","enabled":false},"version":2}},"categories":[9],"tags":[2278,2309],"naslovna":[],"class_list":["post-812065","post","type-post","status-publish","format-standard","has-post-thumbnail","hentry","category-drustvo","tag-dejan-bozovic","tag-porodica-iz-berlina"],"acf":[],"jetpack_publicize_connections":[],"_links":{"self":[{"href":"https:\/\/gradski.me\/en\/wp-json\/wp\/v2\/posts\/812065","targetHints":{"allow":["GET"]}}],"collection":[{"href":"https:\/\/gradski.me\/en\/wp-json\/wp\/v2\/posts"}],"about":[{"href":"https:\/\/gradski.me\/en\/wp-json\/wp\/v2\/types\/post"}],"author":[{"embeddable":true,"href":"https:\/\/gradski.me\/en\/wp-json\/wp\/v2\/users\/1"}],"replies":[{"embeddable":true,"href":"https:\/\/gradski.me\/en\/wp-json\/wp\/v2\/comments?post=812065"}],"version-history":[{"count":0,"href":"https:\/\/gradski.me\/en\/wp-json\/wp\/v2\/posts\/812065\/revisions"}],"wp:featuredmedia":[{"embeddable":true,"href":"https:\/\/gradski.me\/en\/wp-json\/wp\/v2\/media\/812053"}],"wp:attachment":[{"href":"https:\/\/gradski.me\/en\/wp-json\/wp\/v2\/media?parent=812065"}],"wp:term":[{"taxonomy":"category","embeddable":true,"href":"https:\/\/gradski.me\/en\/wp-json\/wp\/v2\/categories?post=812065"},{"taxonomy":"post_tag","embeddable":true,"href":"https:\/\/gradski.me\/en\/wp-json\/wp\/v2\/tags?post=812065"},{"taxonomy":"naslovna","embeddable":true,"href":"https:\/\/gradski.me\/en\/wp-json\/wp\/v2\/naslovna?post=812065"}],"curies":[{"name":"wp","href":"https:\/\/api.w.org\/{rel}","templated":true}]}}