{"id":812040,"date":"2025-08-12T19:36:00","date_gmt":"2025-08-12T17:36:00","guid":{"rendered":"https:\/\/gradski.me\/?p=812040"},"modified":"2025-08-12T19:36:00","modified_gmt":"2025-08-12T17:36:00","slug":"vulevic-nadljudskim-naporima-odbranjene-kuce-u-canju","status":"publish","type":"post","link":"https:\/\/gradski.me\/en\/drustvo\/vulevic-nadljudskim-naporima-odbranjene-kuce-u-canju\/","title":{"rendered":"Vulevi\u0107: Nadljudskim naporima odbranjene ku\u0107e u \u010canju"},"content":{"rendered":"<p><\/p>\n\n\n\n<p>On je naveo da su tokom posljednja tri dana imali vi\u0161e intervencija, od kojih je najve\u0107a bila u \u010canju.<\/p>\n\n\n\n<p>Vulevi\u0107 navodi da su zahtijevne po\u017eare imali i na drugim lokacijama.<\/p>\n\n\n\n<p>&#8222;Imali smo veoma zahtjevan i rizi\u010dan po\u017ear u centru grada, ali ono \u0161to je najva\u017enije je da je svaka intervencija pro\u0161la bez ljudskih \u017ertava. Imali smo materijalnu \u0161tetu, ali najva\u017enije je da nema \u017ertava. Ugasili smo i po\u017ear na Volujici u veoma kratkom roku&#8220;, naveo je Vulevi\u0107.<\/p>\n\n\n\n<p>Pohvalio je i solidarnosti crnogorskih slu\u017ebi za\u0161tite.<\/p>\n\n\n\n<figure class=\"wp-block-embed is-type-video is-provider-youtube wp-block-embed-youtube wp-embed-aspect-16-9 wp-has-aspect-ratio\"><div class=\"wp-block-embed__wrapper\">\n<iframe title=\"Izjava Aca Vulevi\u0107a - komandira Slu\u017ebe za\u0161tite i spa\u0161avanja Bar\" width=\"800\" height=\"450\" src=\"https:\/\/www.youtube.com\/embed\/AR4dG1rs7jk?feature=oembed\" frameborder=\"0\" allow=\"accelerometer; autoplay; clipboard-write; encrypted-media; gyroscope; picture-in-picture; web-share\" referrerpolicy=\"strict-origin-when-cross-origin\" allowfullscreen><\/iframe>\n<\/div><\/figure>\n\n\n\n<p>Op\u0161tina Bar je danas uputila apel gra\u0111anima i turistima u Baru da se odgovorno pona\u0161aju, ne pale i ne koriste vatru ili bilo kakve zapaljive materije i predmete na javnim povr\u0161inama, parkovima, \u0161umama, pla\u017eama i drugim javnim mjestima ali ni na privatnim posjedima.<\/p>\n\n\n\n<p>\u201cSlu\u017eba za\u0161tite i spasavanja ula\u017ee nadljudske napore da sprije\u010di \u0161irenje vatre i sa\u010duva imovinu i \u017eivote a vatrogasci su na izmaku snage.&nbsp;Molimo sve u Baru da olak\u0161aju posao na\u0161im herojima i ne dovode svojim neodgovornim pona\u0161anjem u opasnost ljude i okolinu koja je ve\u0107 zna\u010dajno stradala, sre\u0107om bez gubitaka imovine i \u017eivota\u201d, naglasili su.<\/p>\n\n\n\n<figure class=\"wp-block-embed is-type-video is-provider-youtube wp-block-embed-youtube wp-embed-aspect-16-9 wp-has-aspect-ratio\"><div class=\"wp-block-embed__wrapper\">\n<iframe title=\"Akcije Slu\u017ebe za\u0161tite i spa\u0161avanja Bar na ga\u0161enju po\u017eara\" width=\"800\" height=\"450\" src=\"https:\/\/www.youtube.com\/embed\/vp2Svf7iWT4?feature=oembed\" frameborder=\"0\" allow=\"accelerometer; autoplay; clipboard-write; encrypted-media; gyroscope; picture-in-picture; web-share\" referrerpolicy=\"strict-origin-when-cross-origin\" allowfullscreen><\/iframe>\n<\/div><\/figure>","protected":false},"excerpt":{"rendered":"<p>Nadljudskim naporima uspjeli smo da odbranimo doma\u0107instva u \u010canju, gdje je sada situacija mirna i na\u0161e ekipe de\u017euraju sa tri posade na razli\u010ditim lokacijama, kazao je komandir Slu\u017ebe za\u0161tite i spa\u0161avanja Bar, Aco Vulevi\u0107.<\/p>","protected":false},"author":1,"featured_media":812042,"comment_status":"open","ping_status":"open","sticky":false,"template":"","format":"standard","meta":{"_acf_changed":false,"footnotes":"","jetpack_publicize_message":"","jetpack_publicize_feature_enabled":true,"jetpack_social_post_already_shared":false,"jetpack_social_options":{"image_generator_settings":{"template":"highway","default_image_id":0,"font":"","enabled":false},"version":2}},"categories":[9],"tags":[2308,1990,2260],"naslovna":[],"class_list":["post-812040","post","type-post","status-publish","format-standard","has-post-thumbnail","hentry","category-drustvo","tag-aco-vulevic","tag-canj","tag-pozar-bar"],"acf":[],"jetpack_publicize_connections":[],"_links":{"self":[{"href":"https:\/\/gradski.me\/en\/wp-json\/wp\/v2\/posts\/812040","targetHints":{"allow":["GET"]}}],"collection":[{"href":"https:\/\/gradski.me\/en\/wp-json\/wp\/v2\/posts"}],"about":[{"href":"https:\/\/gradski.me\/en\/wp-json\/wp\/v2\/types\/post"}],"author":[{"embeddable":true,"href":"https:\/\/gradski.me\/en\/wp-json\/wp\/v2\/users\/1"}],"replies":[{"embeddable":true,"href":"https:\/\/gradski.me\/en\/wp-json\/wp\/v2\/comments?post=812040"}],"version-history":[{"count":0,"href":"https:\/\/gradski.me\/en\/wp-json\/wp\/v2\/posts\/812040\/revisions"}],"wp:featuredmedia":[{"embeddable":true,"href":"https:\/\/gradski.me\/en\/wp-json\/wp\/v2\/media\/812042"}],"wp:attachment":[{"href":"https:\/\/gradski.me\/en\/wp-json\/wp\/v2\/media?parent=812040"}],"wp:term":[{"taxonomy":"category","embeddable":true,"href":"https:\/\/gradski.me\/en\/wp-json\/wp\/v2\/categories?post=812040"},{"taxonomy":"post_tag","embeddable":true,"href":"https:\/\/gradski.me\/en\/wp-json\/wp\/v2\/tags?post=812040"},{"taxonomy":"naslovna","embeddable":true,"href":"https:\/\/gradski.me\/en\/wp-json\/wp\/v2\/naslovna?post=812040"}],"curies":[{"name":"wp","href":"https:\/\/api.w.org\/{rel}","templated":true}]}}