{"id":811995,"date":"2025-08-12T18:57:00","date_gmt":"2025-08-12T16:57:00","guid":{"rendered":"https:\/\/gradski.me\/?p=811995"},"modified":"2025-08-12T18:57:00","modified_gmt":"2025-08-12T16:57:00","slug":"video-kanader-iz-italije-gasi-pozar-u-canju-i-buljarici","status":"publish","type":"post","link":"https:\/\/gradski.me\/en\/drustvo\/video-kanader-iz-italije-gasi-pozar-u-canju-i-buljarici\/","title":{"rendered":"(VIDEO) Kanader iz Italije gasi po\u017ear u \u010canju i Buljarici"},"content":{"rendered":"<p><\/p>\n\n\n\n<p>Avion za ga\u0161enje po\u017eara iz Hrvatske ve\u0107 satima gasi vatru iznad \u010canja i Buljarice, a u me\u0111uvremenu stigla je pomo\u0107 i iz Italije.<\/p>\n\n\n\n<p>Iz MUP-a su podijelili snimak ga\u0161enja po\u017eara u rejonu \u010canja i Buljarice, gdje je anga\u017eovan kanader iz Italije, koji je posredstvom Mehanizma Evropske unije za civilnu za\u0161titu upu\u0107en na ispomo\u0107 crnogorskom sistemu za\u0161tite i spa\u0161avanja.<\/p>\n\n\n\n<figure class=\"wp-block-video\"><video height=\"272\" style=\"aspect-ratio: 480 \/ 272;\" width=\"480\" controls src=\"https:\/\/new.gradski.me\/wp-content\/uploads\/2025\/08\/akcija-gasenja-pozara-BAR-bUDVA.mp4\"><\/video><figcaption class=\"wp-element-caption\"><strong><em>Video: MUP<\/em><\/strong><\/figcaption><\/figure>\n\n\n\n<p>Video sa dana\u0161nje akcije podijelili su i iz Op\u0161tine Bar.<\/p>\n\n\n\n<figure class=\"wp-block-embed is-type-video is-provider-youtube wp-block-embed-youtube wp-embed-aspect-16-9 wp-has-aspect-ratio\"><div class=\"wp-block-embed__wrapper\">\n<iframe title=\"Akcije Slu\u017ebe za\u0161tite i spa\u0161avanja Bar na ga\u0161enju po\u017eara\" width=\"800\" height=\"450\" src=\"https:\/\/www.youtube.com\/embed\/vp2Svf7iWT4?feature=oembed\" frameborder=\"0\" allow=\"accelerometer; autoplay; clipboard-write; encrypted-media; gyroscope; picture-in-picture; web-share\" referrerpolicy=\"strict-origin-when-cross-origin\" allowfullscreen><\/iframe>\n<\/div><\/figure>","protected":false},"excerpt":{"rendered":"<p>U Crnoj Gori su danas aktivni po\u017eari u vi\u0161e gradova, a najkriti\u010dnije je bilo u \u010canju i Buljarici, kao i u Podgorici.<\/p>","protected":false},"author":1,"featured_media":812001,"comment_status":"open","ping_status":"open","sticky":false,"template":"","format":"standard","meta":{"_acf_changed":false,"footnotes":"","jetpack_publicize_message":"","jetpack_publicize_feature_enabled":true,"jetpack_social_post_already_shared":false,"jetpack_social_options":{"image_generator_settings":{"template":"highway","default_image_id":0,"font":"","enabled":false},"version":2}},"categories":[9],"tags":[368,1990,844,618],"naslovna":[],"class_list":["post-811995","post","type-post","status-publish","format-standard","has-post-thumbnail","hentry","category-drustvo","tag-buljarica","tag-canj","tag-mup","tag-pozar"],"acf":[],"jetpack_publicize_connections":[],"_links":{"self":[{"href":"https:\/\/gradski.me\/en\/wp-json\/wp\/v2\/posts\/811995","targetHints":{"allow":["GET"]}}],"collection":[{"href":"https:\/\/gradski.me\/en\/wp-json\/wp\/v2\/posts"}],"about":[{"href":"https:\/\/gradski.me\/en\/wp-json\/wp\/v2\/types\/post"}],"author":[{"embeddable":true,"href":"https:\/\/gradski.me\/en\/wp-json\/wp\/v2\/users\/1"}],"replies":[{"embeddable":true,"href":"https:\/\/gradski.me\/en\/wp-json\/wp\/v2\/comments?post=811995"}],"version-history":[{"count":0,"href":"https:\/\/gradski.me\/en\/wp-json\/wp\/v2\/posts\/811995\/revisions"}],"wp:featuredmedia":[{"embeddable":true,"href":"https:\/\/gradski.me\/en\/wp-json\/wp\/v2\/media\/812001"}],"wp:attachment":[{"href":"https:\/\/gradski.me\/en\/wp-json\/wp\/v2\/media?parent=811995"}],"wp:term":[{"taxonomy":"category","embeddable":true,"href":"https:\/\/gradski.me\/en\/wp-json\/wp\/v2\/categories?post=811995"},{"taxonomy":"post_tag","embeddable":true,"href":"https:\/\/gradski.me\/en\/wp-json\/wp\/v2\/tags?post=811995"},{"taxonomy":"naslovna","embeddable":true,"href":"https:\/\/gradski.me\/en\/wp-json\/wp\/v2\/naslovna?post=811995"}],"curies":[{"name":"wp","href":"https:\/\/api.w.org\/{rel}","templated":true}]}}