{"id":811756,"date":"2025-08-12T16:14:00","date_gmt":"2025-08-12T14:14:00","guid":{"rendered":"https:\/\/gradski.me\/?p=811756"},"modified":"2025-08-12T16:14:00","modified_gmt":"2025-08-12T14:14:00","slug":"rukometni-savez-crne-gore-i-efel-motors-ozvanicili-partnerstvo","status":"publish","type":"post","link":"https:\/\/gradski.me\/en\/sport\/rukometni-savez-crne-gore-i-efel-motors-ozvanicili-partnerstvo\/","title":{"rendered":"Rukometni savez Crne Gore i Efel Motors ozvani\u010dili partnerstvo"},"content":{"rendered":"<p>Tim povodom organizovan je sve\u010dani doga\u0111aj na kojem su predstavnici dvije strane ozvani\u010dili saradnju kojom \u0107e Efel Motors, kao ovla\u0161\u0107eni zastupnik Toyota vozila u Crnoj Gori, besplatno ustupiti na kori\u0161\u0107enje Savezu dva vozila marke Toyota C-HR.<\/p>\n\n\n\n<p>Sporazum su potpisali predsjednik Rukometnog saveza Crne Gore Petar Kapisoda i ovla\u0161\u0107eni zastupnik Efel Motorsa Milutin Vu\u0161urovi\u0107, a vozila \u0107e se koristiti u okviru redovnih aktivnosti i obaveza crnogorske \u201eku\u0107e rukometa\u201c.<\/p>\n\n\n\n<p>Ovim partnerstvom Efel Motors sti\u010de status oficijelnog partnera Saveza, a saradnja podrazumijeva i niz promotivnih aktivnosti \u2013 od isticanja logotipa kompanije u zvani\u010dnim prostorijama Saveza, u\u010de\u0161\u0107a u promotivnim doga\u0111ajima, do prisustva u svim zvani\u010dnim publikacijama i na internet stranici Saveza.<\/p>\n\n\n\n<figure class=\"wp-block-image size-large\"><img fetchpriority=\"high\" decoding=\"async\" width=\"1024\" height=\"681\" src=\"https:\/\/new.gradski.me\/wp-content\/uploads\/2025\/08\/Kapisoda-i-Vusurovic-RSCG-1024x681.jpg\" alt=\"\" class=\"wp-image-811763\" title=\"\" srcset=\"https:\/\/gradski.me\/wp-content\/uploads\/2025\/08\/Kapisoda-i-Vusurovic-RSCG-1024x681.jpg 1024w, https:\/\/gradski.me\/wp-content\/uploads\/2025\/08\/Kapisoda-i-Vusurovic-RSCG-300x199.jpg 300w, https:\/\/gradski.me\/wp-content\/uploads\/2025\/08\/Kapisoda-i-Vusurovic-RSCG-768x510.jpg 768w, https:\/\/gradski.me\/wp-content\/uploads\/2025\/08\/Kapisoda-i-Vusurovic-RSCG.jpg 1440w\" sizes=\"(max-width: 1024px) 100vw, 1024px\" \/><figcaption class=\"wp-element-caption\">Photo: RSCG<\/figcaption><\/figure>\n\n\n\n<p>&#8222;Efel Motors je jedan od tradicionalnih partnera \u201ecrnogorske ku\u0107e rukometa\u201c koji podr\u017eava sve aktivnosti Saveza i doprinosi ostvarivanju zacrtanih ciljeva u obimnom kalendaru takmi\u010denja reprezentativnih selekcija. Veoma smo ponosni \u0161to smo sa kompanijom Efel Motors podigli na\u0161u saradnju na vi\u0161i nivo i \u0161to je upravo ova inicijativa kruna jedne uspje\u0161ne i dugogodi\u0161nje saradnje. Pomo\u0107 i podr\u0161ka koje Efel Motors pru\u017ea na\u0161em Savezu imaju vi\u0161estruki zna\u010daj \u2013 kako u organizacionom, tako i u promotivnom smislu. Vjerujem da \u0107emo zajedno nastaviti da gradimo pozitivne pri\u010de i doprinosimo razvoju rukometa u Crnoj Gori&#8220;, kazao je Petar Kapisoda, predsjednik RSCG.<\/p>\n\n\n\n<p>&#8222;.Zadovoljstvo nam je \u0161to smo danas, ovim \u010dinom primopredaje 2 nova vozila TOYOTA C HR,\u00a0 dodatno osna\u017eili na\u0161e oficijelni partnerstvo sa Rukometnim savezom Crne Gore. Ova saradnja je rezultat zajedni\u010dke posve\u0107enosti razvoju sporta i dru\u0161tvene odgovornosti. Smatramo da su rukometa\u0161ice i rukometa\u0161i pravi ambasadori Crne Gore i ponosni smo \u0161to mo\u017eemo doprinositi njihovim uslovima rada i reprezentativnim nastupima. Ovo je samo nastavak onoga \u0161to smo godinama gradili, a ubije\u0111eni smo da najbolji rezultati tek dolaze&#8220;, rekao je Milutin Vu\u0161urovi\u0107, ovla\u0161\u0107eni zastupnik Efel Motorsa. <\/p>\n\n\n\n<p>Rukometni savez Crne Gore i Efel Motors \u0107e, kroz zajedni\u010dke aktivnosti, dodatno raditi na promociji sporta, mobilnosti i vrijednosti koje i rukomet i brend Toyota dijele \u2013 posve\u0107enost, pouzdanost i vrhunske performanse.<\/p>","protected":false},"excerpt":{"rendered":"<p>Rukometni savez Crne Gore i kompanija Efel Motors potpisali su ugovor o oficijelnom partnerstvu, kojim se potvr\u0111uje nastavak uspje\u0161ne vi\u0161egodi\u0161nje saradnje.<\/p>","protected":false},"author":1,"featured_media":811761,"comment_status":"open","ping_status":"open","sticky":false,"template":"","format":"standard","meta":{"_acf_changed":false,"footnotes":"","jetpack_publicize_message":"","jetpack_publicize_feature_enabled":true,"jetpack_social_post_already_shared":false,"jetpack_social_options":{"image_generator_settings":{"template":"highway","default_image_id":0,"font":"","enabled":false},"version":2}},"categories":[15],"tags":[2255,2256,2257,1080,2258],"naslovna":[],"class_list":["post-811756","post","type-post","status-publish","format-standard","has-post-thumbnail","hentry","category-sport","tag-efel-motors","tag-milutin-vusurovic","tag-petar-kapisoda","tag-rscg","tag-rukometni-savez-crne-gore"],"acf":[],"jetpack_publicize_connections":[],"_links":{"self":[{"href":"https:\/\/gradski.me\/en\/wp-json\/wp\/v2\/posts\/811756","targetHints":{"allow":["GET"]}}],"collection":[{"href":"https:\/\/gradski.me\/en\/wp-json\/wp\/v2\/posts"}],"about":[{"href":"https:\/\/gradski.me\/en\/wp-json\/wp\/v2\/types\/post"}],"author":[{"embeddable":true,"href":"https:\/\/gradski.me\/en\/wp-json\/wp\/v2\/users\/1"}],"replies":[{"embeddable":true,"href":"https:\/\/gradski.me\/en\/wp-json\/wp\/v2\/comments?post=811756"}],"version-history":[{"count":0,"href":"https:\/\/gradski.me\/en\/wp-json\/wp\/v2\/posts\/811756\/revisions"}],"wp:featuredmedia":[{"embeddable":true,"href":"https:\/\/gradski.me\/en\/wp-json\/wp\/v2\/media\/811761"}],"wp:attachment":[{"href":"https:\/\/gradski.me\/en\/wp-json\/wp\/v2\/media?parent=811756"}],"wp:term":[{"taxonomy":"category","embeddable":true,"href":"https:\/\/gradski.me\/en\/wp-json\/wp\/v2\/categories?post=811756"},{"taxonomy":"post_tag","embeddable":true,"href":"https:\/\/gradski.me\/en\/wp-json\/wp\/v2\/tags?post=811756"},{"taxonomy":"naslovna","embeddable":true,"href":"https:\/\/gradski.me\/en\/wp-json\/wp\/v2\/naslovna?post=811756"}],"curies":[{"name":"wp","href":"https:\/\/api.w.org\/{rel}","templated":true}]}}