{"id":811445,"date":"2025-08-12T08:15:00","date_gmt":"2025-08-12T06:15:00","guid":{"rendered":"https:\/\/gradski.me\/?p=811445"},"modified":"2025-08-12T08:15:00","modified_gmt":"2025-08-12T06:15:00","slug":"jokovic-uskoro-drzavno-preduzece-za-gazdovanje-sumama","status":"publish","type":"post","link":"https:\/\/gradski.me\/en\/drustvo\/jokovic-uskoro-drzavno-preduzece-za-gazdovanje-sumama\/","title":{"rendered":"Jokovi\u0107: Uskoro dr\u017eavno preduze\u0107e za gazdovanje \u0161umama"},"content":{"rendered":"<p><\/p>\n\n\n\n<p>Evropska svemirska agencija zabilje\u017eila je da je u Crnoj Gori za samo tri godine od 2021. do 2024. nestalo \u010dak 587 km2 \u0161uma. Samo pro\u0161le godine izgubljeno je 220 km2, \u0161to je vi\u0161e od 4% teritorije dr\u017eave.<\/p>\n\n\n\n<p>Pomo\u0107 Evropske svemirske agencije zatra\u017eila je Dr\u017eavna revizorska institucija (DRI), jer, kako navode, zvani\u010dni podaci crnogorskih institucija o sje\u010di \u0161uma nijesu bili pouzdani.<\/p>\n\n\n\n<p>Biolog i ornitolog Darko Savelji\u0107 upozorava da nam prijeti gubitak prirodnog bogatstva ako se hitno ne preduzmu mjere.<\/p>\n\n\n\n<p>&#8222;\u0160uma je \u017eivot. \u0160uma \u010duva na\u0161u vodu i ako nestane \u0161uma, nesta\u0107e vode. \u0160uma \u010duva nas od erozije, \u010duva na\u0161 biodiverzitet. Tako da svaki nestanak \u0161ume uzrokuje jedan domino efekt i ekstremni poreme\u0107aj u ekosistemu. \u0160to se \u0161umarstva u Crnoj Gori ti\u010de, mogu stvarno da ka\u017eem kao biolog, ja sam u ovoj struci skoro 30 godina, da je prili\u010dno problemati\u010dno&#8220;, rekao je Svelji\u0107.<\/p>\n\n\n\n<p>Satelitski snimci pokazali su da je sje\u010da daleko ve\u0107a nego \u0161to je prijavljeno, \u0161to je ozbiljan problem, uvi\u0111a Savelji\u0107.<\/p>\n\n\n\n<p>Podsje\u0107a da je i prije godinu bio o\u0161tro protiv usvajanja Zakona o \u0161umama kojim se dozvoljava sje\u010da od pola miliona kubika \u0161ume godi\u0161nje.<\/p>\n\n\n\n<p>&#8222;\u0160ume se masakriraju. Dodatno, imamo svake godine \u0161umske po\u017eare koje Crna Gora nije u stanju da kontroli\u0161e odnosno da suzbije zbog \u010dinjenice da nemamo tu po\u017earnu strategiju, da nemamo \u010dime da odbranimo crnogorske \u0161ume. Tako da kao biolog mogu da tvrdim da je \u0161uma u Crnoj Gori napadnuta sa vi\u0161e strana. Od strane politi\u010dara, od strane neznanja, od strane nesposobnosti vlasti da ih za\u0161titi. I od strane biolo\u0161kih agresora, u prvom redu pokornjaka, i mislim da se crnogorskom \u0161umarstvu sa ovakvim na\u010dinom rada ne pi\u0161e najbolje&#8220;, rekao je.<\/p>\n\n\n\n<p>I dok \u0161ume nestaju, dr\u017eavno preduze\u0107e koje bi trebalo da njima gazduje jo\u0161 nije formirano. Na pitanje kada \u0107e to biti, ministar poljoprivrede, \u0161umarstva i vodoprivrede Vladimir Jokovi\u0107 kratko je odgovorio vrlo brzo.<\/p>\n\n\n\n<p><\/p>","protected":false},"excerpt":{"rendered":"<p>Crna Gora ubrzano ostaje bez \u0161uma. Satelitski snimci pokazuju da je za tri godine posje\u010deno daleko vi\u0161e \u0161uma nego \u0161to to pokazuje statistika nadle\u017enih institucija. Da se bespravna sje\u010da ne kontroli\u0161e dovoljno upozorava biolog Darko Savelji\u0107, dok preduze\u0107e koje bi trebalo da upravlja dr\u017eavnim \u0161umama jo\u0161 ne postoji. Da \u0107e ono vrlo brzo biti osnovano najavljuje resorni ministar, Vladimir Jokovi\u0107.<\/p>","protected":false},"author":1,"featured_media":750448,"comment_status":"open","ping_status":"open","sticky":false,"template":"","format":"standard","meta":{"_acf_changed":false,"footnotes":"","jetpack_publicize_message":"","jetpack_publicize_feature_enabled":true,"jetpack_social_post_already_shared":false,"jetpack_social_options":{"image_generator_settings":{"template":"highway","default_image_id":0,"font":"","enabled":false},"version":2}},"categories":[9],"tags":[2145,2146],"naslovna":[],"class_list":["post-811445","post","type-post","status-publish","format-standard","has-post-thumbnail","hentry","category-drustvo","tag-drzavno-preduzece-za-gazdovanje-sumama","tag-jokovic"],"acf":[],"jetpack_publicize_connections":[],"_links":{"self":[{"href":"https:\/\/gradski.me\/en\/wp-json\/wp\/v2\/posts\/811445","targetHints":{"allow":["GET"]}}],"collection":[{"href":"https:\/\/gradski.me\/en\/wp-json\/wp\/v2\/posts"}],"about":[{"href":"https:\/\/gradski.me\/en\/wp-json\/wp\/v2\/types\/post"}],"author":[{"embeddable":true,"href":"https:\/\/gradski.me\/en\/wp-json\/wp\/v2\/users\/1"}],"replies":[{"embeddable":true,"href":"https:\/\/gradski.me\/en\/wp-json\/wp\/v2\/comments?post=811445"}],"version-history":[{"count":0,"href":"https:\/\/gradski.me\/en\/wp-json\/wp\/v2\/posts\/811445\/revisions"}],"wp:featuredmedia":[{"embeddable":true,"href":"https:\/\/gradski.me\/en\/wp-json\/wp\/v2\/media\/750448"}],"wp:attachment":[{"href":"https:\/\/gradski.me\/en\/wp-json\/wp\/v2\/media?parent=811445"}],"wp:term":[{"taxonomy":"category","embeddable":true,"href":"https:\/\/gradski.me\/en\/wp-json\/wp\/v2\/categories?post=811445"},{"taxonomy":"post_tag","embeddable":true,"href":"https:\/\/gradski.me\/en\/wp-json\/wp\/v2\/tags?post=811445"},{"taxonomy":"naslovna","embeddable":true,"href":"https:\/\/gradski.me\/en\/wp-json\/wp\/v2\/naslovna?post=811445"}],"curies":[{"name":"wp","href":"https:\/\/api.w.org\/{rel}","templated":true}]}}