{"id":811024,"date":"2025-08-11T20:00:00","date_gmt":"2025-08-11T18:00:00","guid":{"rendered":"https:\/\/gradski.me\/?p=811024"},"modified":"2025-08-11T20:00:00","modified_gmt":"2025-08-11T18:00:00","slug":"vise-prikljucaka-fiksne-telefonije-3","status":"publish","type":"post","link":"https:\/\/gradski.me\/en\/ekonomija\/vise-prikljucaka-fiksne-telefonije-3\/","title":{"rendered":"Vi\u0161e priklju\u010daka fiksne telefonije"},"content":{"rendered":"<p><\/p>\n\n\n\n<p><\/p>\n\n\n\n<p><\/p>\n\n\n\n<p>Od tog broja priklju\u010daka, Crnogorski Telekom je imao 99,84 hiljade, M:tel 73,64 hiljade, Telemach 16,72 hiljade, One 2,69 hiljada, a Orion Telekom 15 priklju\u010daka.<\/p>\n\n\n\n<p>U\u010de\u0161\u0107e Crnogorskog Telekoma na tr\u017ei\u0161tu fiksne telefonije iznosi 51,75 odsto, M:tela 38,17 odsto, Telemacha 8,67 odsto, One-a 1,4 odsto, a Orion Telekoma neznatno.<\/p>\n\n\n\n<p>U odnosu na isti pro\u0161logodi\u0161nji period, broj korisnika fiksne telefonije u junu je bio ve\u0107i 1,43 odsto.<\/p>\n\n\n\n<p>Od ukupnog broja priklju\u010daka fiksne telefonije, na gra\u0111ane se odnosi 84,8 odsto, a na kompanije 15,2 odsto.<\/p>\n\n\n\n<p><\/p>","protected":false},"excerpt":{"rendered":"<p>U Crnoj Gori je na kraju juna bilo 192,91 hiljada priklju\u010daka fiksne telefonije, 0,5 odsto vi\u0161e u odnosu na maj, pokazuju podaci Agencije za elektronske komunikacije i po\u0161tansku djelatnost (EKIP).<\/p>","protected":false},"author":1,"featured_media":592170,"comment_status":"open","ping_status":"open","sticky":false,"template":"","format":"standard","meta":{"_acf_changed":false,"footnotes":"","jetpack_publicize_message":"","jetpack_publicize_feature_enabled":true,"jetpack_social_post_already_shared":false,"jetpack_social_options":{"image_generator_settings":{"template":"highway","default_image_id":0,"font":"","enabled":false},"version":2}},"categories":[8],"tags":[2089,2090],"naslovna":[],"class_list":["post-811024","post","type-post","status-publish","format-standard","has-post-thumbnail","hentry","category-ekonomija","tag-fiksna-telefonija","tag-vise-prikljucaka"],"acf":[],"jetpack_publicize_connections":[],"_links":{"self":[{"href":"https:\/\/gradski.me\/en\/wp-json\/wp\/v2\/posts\/811024","targetHints":{"allow":["GET"]}}],"collection":[{"href":"https:\/\/gradski.me\/en\/wp-json\/wp\/v2\/posts"}],"about":[{"href":"https:\/\/gradski.me\/en\/wp-json\/wp\/v2\/types\/post"}],"author":[{"embeddable":true,"href":"https:\/\/gradski.me\/en\/wp-json\/wp\/v2\/users\/1"}],"replies":[{"embeddable":true,"href":"https:\/\/gradski.me\/en\/wp-json\/wp\/v2\/comments?post=811024"}],"version-history":[{"count":0,"href":"https:\/\/gradski.me\/en\/wp-json\/wp\/v2\/posts\/811024\/revisions"}],"wp:featuredmedia":[{"embeddable":true,"href":"https:\/\/gradski.me\/en\/wp-json\/wp\/v2\/media\/592170"}],"wp:attachment":[{"href":"https:\/\/gradski.me\/en\/wp-json\/wp\/v2\/media?parent=811024"}],"wp:term":[{"taxonomy":"category","embeddable":true,"href":"https:\/\/gradski.me\/en\/wp-json\/wp\/v2\/categories?post=811024"},{"taxonomy":"post_tag","embeddable":true,"href":"https:\/\/gradski.me\/en\/wp-json\/wp\/v2\/tags?post=811024"},{"taxonomy":"naslovna","embeddable":true,"href":"https:\/\/gradski.me\/en\/wp-json\/wp\/v2\/naslovna?post=811024"}],"curies":[{"name":"wp","href":"https:\/\/api.w.org\/{rel}","templated":true}]}}