{"id":810919,"date":"2025-08-11T15:43:28","date_gmt":"2025-08-11T13:43:28","guid":{"rendered":"https:\/\/gradski.me\/?p=810919"},"modified":"2025-08-11T15:43:28","modified_gmt":"2025-08-11T13:43:28","slug":"video-pogledajte-snimak-pozara-u-buljaricama-snimljen-iz-vazduha","status":"publish","type":"post","link":"https:\/\/gradski.me\/en\/drustvo\/video-pogledajte-snimak-pozara-u-buljaricama-snimljen-iz-vazduha\/","title":{"rendered":"VIDEO: Pogledajte snimak po\u017eara u Buljaricama snimljen iz vazduha"},"content":{"rendered":"<p><\/p>\n\n\n\n<p><br><\/p>\n\n\n\n<p>Po\u017ear koji je preksino\u0107 izbio nakon zapaljenja automobila na magistralnom putu u Buljarici pro\u0161irio se na nepristupa\u010dne terene i stigao do podru\u010dja iznad \u010canja.<\/p>\n\n\n\n<figure class=\"wp-block-embed is-type-video is-provider-youtube wp-block-embed-youtube wp-embed-aspect-16-9 wp-has-aspect-ratio\"><div class=\"wp-block-embed__wrapper\">\n<iframe title=\"Po\u017ear u Buljarici KADROVI iz vazduha\" width=\"800\" height=\"450\" src=\"https:\/\/www.youtube.com\/embed\/wdwlrsIR0Tk?feature=oembed\" frameborder=\"0\" allow=\"accelerometer; autoplay; clipboard-write; encrypted-media; gyroscope; picture-in-picture; web-share\" referrerpolicy=\"strict-origin-when-cross-origin\" allowfullscreen><\/iframe>\n<\/div><\/figure>\n\n\n\n<p>Budvanski vatrogasci, zajedno sa kolegama iz drugih primorskih op\u0161tina, od ju\u010de su na terenu kako bi ugasili po\u017ear koji je zahvatio brdo iznad Buljarice.<br>U ga\u0161enje po\u017eara su se uklju\u010dili i vazduhoplovi \u2013 helikopter i avion \u201eAir tractor\u201c.<\/p>","protected":false},"excerpt":{"rendered":"<p>U Buljarici je bjesnio po\u017ear velikih razmjera zbog kojeg je saobra\u0107aj na Jadranskoj magistrali bio obustavljen vi\u0161e sati tokom prethodne no\u0107i. Saobra\u0107aj na magistralnom putu Budva -Bar je uspostavljen u ranim jutarnjim satima.<\/p>","protected":false},"author":1,"featured_media":810923,"comment_status":"open","ping_status":"open","sticky":false,"template":"","format":"standard","meta":{"_acf_changed":false,"footnotes":"","jetpack_publicize_message":"","jetpack_publicize_feature_enabled":true,"jetpack_social_post_already_shared":false,"jetpack_social_options":{"image_generator_settings":{"template":"highway","default_image_id":0,"font":"","enabled":false},"version":2}},"categories":[9],"tags":[2059,618],"naslovna":[],"class_list":["post-810919","post","type-post","status-publish","format-standard","has-post-thumbnail","hentry","category-drustvo","tag-buljarice","tag-pozar"],"acf":[],"jetpack_publicize_connections":[],"_links":{"self":[{"href":"https:\/\/gradski.me\/en\/wp-json\/wp\/v2\/posts\/810919","targetHints":{"allow":["GET"]}}],"collection":[{"href":"https:\/\/gradski.me\/en\/wp-json\/wp\/v2\/posts"}],"about":[{"href":"https:\/\/gradski.me\/en\/wp-json\/wp\/v2\/types\/post"}],"author":[{"embeddable":true,"href":"https:\/\/gradski.me\/en\/wp-json\/wp\/v2\/users\/1"}],"replies":[{"embeddable":true,"href":"https:\/\/gradski.me\/en\/wp-json\/wp\/v2\/comments?post=810919"}],"version-history":[{"count":0,"href":"https:\/\/gradski.me\/en\/wp-json\/wp\/v2\/posts\/810919\/revisions"}],"wp:featuredmedia":[{"embeddable":true,"href":"https:\/\/gradski.me\/en\/wp-json\/wp\/v2\/media\/810923"}],"wp:attachment":[{"href":"https:\/\/gradski.me\/en\/wp-json\/wp\/v2\/media?parent=810919"}],"wp:term":[{"taxonomy":"category","embeddable":true,"href":"https:\/\/gradski.me\/en\/wp-json\/wp\/v2\/categories?post=810919"},{"taxonomy":"post_tag","embeddable":true,"href":"https:\/\/gradski.me\/en\/wp-json\/wp\/v2\/tags?post=810919"},{"taxonomy":"naslovna","embeddable":true,"href":"https:\/\/gradski.me\/en\/wp-json\/wp\/v2\/naslovna?post=810919"}],"curies":[{"name":"wp","href":"https:\/\/api.w.org\/{rel}","templated":true}]}}