{"id":810686,"date":"2025-08-11T11:51:57","date_gmt":"2025-08-11T09:51:57","guid":{"rendered":"https:\/\/gradski.me\/?p=810686"},"modified":"2025-08-11T11:51:57","modified_gmt":"2025-08-11T09:51:57","slug":"podgoricki-vodovod-apeluje-neracionalna-potrosnja-uzrokuje-neravnomjernu-dostupnost-vode-za-pice-u-sistemu","status":"publish","type":"post","link":"https:\/\/gradski.me\/en\/podgorica\/podgoricki-vodovod-apeluje-neracionalna-potrosnja-uzrokuje-neravnomjernu-dostupnost-vode-za-pice-u-sistemu\/","title":{"rendered":"Podgori\u010dki Vodovod apeluje: Neracionalna potro\u0161nja uzrokuje neravnomjernu dostupnost vode za pi\u0107e u sistemu"},"content":{"rendered":"<p><\/p>\n\n\n\n<p>&#8222;Podsje\u0107amo korisnike da je racionalna potro\u0161nja vode za pi\u0107e u ovom periodu neophodna mjera za o\u010duvanje stabilnosti vodovodnog sistema, te se o\u010dekuje njeno dosljedno po\u0161tovanje.Napominjemo da je voda iz sistema javnog vodosnabdijevanja namijenjena za osnovne \u017eivotne potrebe \u010dlanova doma\u0107instva: pi\u0107e, pripremu hrane i odr\u017eavanje li\u010dne higijene, a potro\u0161a\u010di se pozivaju da se uzdr\u017ee od aktivnosti kao \u0161to su zalivanje zelenih povr\u0161ina, pranje dvori\u0161ta, trotoara, vozila i sli\u010dno&#8220;; isti\u010du.<\/p>\n\n\n\n<p>Kako su pojasnili iz Vodovoda, prekomjerna i neracionalna potro\u0161nja u uslovima pove\u0107anih temperatura uzrokuje neravnomjernu dostupnost vode za pi\u0107e u sistemu, \u0161to rezultira prekidima u vodosnabdijevanju u pojedinim dijelovima grada.<\/p>\n\n\n\n<p>&#8222;Tako\u0111e, pozivamo sve korisnike da izvr\u0161e kontrolu instalacija u doma\u0107instvu i da uklone eventualne kvarove i curenja, kako bi se sprije\u010dilo bespotrebno rasipanje vode. Odgovoran odnos svih korisnika prema potro\u0161nji vode od su\u0161tinskog je zna\u010daja za pouzdano funkcionisanje sistema i o\u010duvanje javnog zdravlja svih gra\u0111ana&#8220;, zaklju\u010duju.<\/p>\n\n\n\n<p><\/p>","protected":false},"excerpt":{"rendered":"<p>Zbog aktuelnog toplotnog talasa i izuzetno visokih temperatura na teritoriji Glavnog grada, Vodovod i kanalizacija d.o.o. Podgorica, uva\u017eavaju\u0107i potrebe gra\u0111ana, vr\u0161i distribuciju maksimalne koli\u010dine vode u sistem, sa ciljem o\u010duvanja urednog i kontinuiranog vodosnabdijevanja, saop\u0161teno je na dru\u0161tvenim mre\u017eama.<\/p>","protected":false},"author":1,"featured_media":810688,"comment_status":"open","ping_status":"open","sticky":false,"template":"","format":"standard","meta":{"_acf_changed":false,"footnotes":"","jetpack_publicize_message":"","jetpack_publicize_feature_enabled":true,"jetpack_social_post_already_shared":false,"jetpack_social_options":{"image_generator_settings":{"template":"highway","default_image_id":0,"font":"","enabled":false},"version":2}},"categories":[6],"tags":[919,2011],"naslovna":[],"class_list":["post-810686","post","type-post","status-publish","format-standard","has-post-thumbnail","hentry","category-podgorica","tag-apel","tag-vodovod-i-kanalizacije"],"acf":[],"jetpack_publicize_connections":[],"_links":{"self":[{"href":"https:\/\/gradski.me\/en\/wp-json\/wp\/v2\/posts\/810686","targetHints":{"allow":["GET"]}}],"collection":[{"href":"https:\/\/gradski.me\/en\/wp-json\/wp\/v2\/posts"}],"about":[{"href":"https:\/\/gradski.me\/en\/wp-json\/wp\/v2\/types\/post"}],"author":[{"embeddable":true,"href":"https:\/\/gradski.me\/en\/wp-json\/wp\/v2\/users\/1"}],"replies":[{"embeddable":true,"href":"https:\/\/gradski.me\/en\/wp-json\/wp\/v2\/comments?post=810686"}],"version-history":[{"count":0,"href":"https:\/\/gradski.me\/en\/wp-json\/wp\/v2\/posts\/810686\/revisions"}],"wp:featuredmedia":[{"embeddable":true,"href":"https:\/\/gradski.me\/en\/wp-json\/wp\/v2\/media\/810688"}],"wp:attachment":[{"href":"https:\/\/gradski.me\/en\/wp-json\/wp\/v2\/media?parent=810686"}],"wp:term":[{"taxonomy":"category","embeddable":true,"href":"https:\/\/gradski.me\/en\/wp-json\/wp\/v2\/categories?post=810686"},{"taxonomy":"post_tag","embeddable":true,"href":"https:\/\/gradski.me\/en\/wp-json\/wp\/v2\/tags?post=810686"},{"taxonomy":"naslovna","embeddable":true,"href":"https:\/\/gradski.me\/en\/wp-json\/wp\/v2\/naslovna?post=810686"}],"curies":[{"name":"wp","href":"https:\/\/api.w.org\/{rel}","templated":true}]}}