{"id":810671,"date":"2025-08-11T13:28:00","date_gmt":"2025-08-11T11:28:00","guid":{"rendered":"https:\/\/gradski.me\/?p=810671"},"modified":"2025-08-11T13:28:00","modified_gmt":"2025-08-11T11:28:00","slug":"pozar-u-canju-2","status":"publish","type":"post","link":"https:\/\/gradski.me\/en\/drustvo\/pozar-u-canju-2\/","title":{"rendered":"(VIDEO) Po\u017ear u \u010canju, plamen prijeti stambenim objektima"},"content":{"rendered":"<p>Prema rije\u010dima na\u010delnika Slu\u017ebe za\u0161tite i spa\u0161avanja Bar&nbsp; Aca Vulevi\u0107a, situacija je ozbiljna jer plamen prijeti stambenim objektima. On je istakao da su sve raspolo\u017eive ekipe anga\u017eovane i da se \u010dine maksimalni napori kako bi se za\u0161titila naselja u ovom dijelu op\u0161tine, prenosi Barski portal.<\/p>\n\n\n\n<p>&#8222;Izuzetno je te\u0161ko, po\u017ear se pro\u0161irio, pla\u0161i nas najava da \u0107e se u popodnevnim satima poja\u010dati vjetar\u201d, saop\u0161tio je za Radio Bar i Bar info komandir Slu\u017ebe za\u0161tite, Aco Vulevi\u0107.<\/p>\n\n\n\n<figure class=\"wp-block-image size-full\"><img fetchpriority=\"high\" decoding=\"async\" width=\"607\" height=\"596\" src=\"https:\/\/new.gradski.me\/wp-content\/uploads\/2025\/08\/Capture-22-e1754904712300.jpg\" alt=\"\" class=\"wp-image-810672\" title=\"\" srcset=\"https:\/\/gradski.me\/wp-content\/uploads\/2025\/08\/Capture-22-e1754904712300.jpg 607w, https:\/\/gradski.me\/wp-content\/uploads\/2025\/08\/Capture-22-e1754904712300-300x295.jpg 300w\" sizes=\"(max-width: 607px) 100vw, 607px\" \/><figcaption class=\"wp-element-caption\">foto: RTCG<\/figcaption><\/figure>\n\n\n\n<p>&nbsp;Po\u017ear je na 50 metara od hotela, a vlasnici apeluju da se za\u0161titi imovina, budu\u0107i da su smje\u0161tajni kapaciteti popunjeni.<\/p>\n\n\n\n<p>Vatra koja je preksino\u0107 planula u Buljarici nakon paljenja vozila na magistralnom putu, nastavila je da se \u0161iri nepristupa\u010dnim predjelima i do\u0161la do podru\u010dja iznad \u010canja.<\/p>\n\n\n\n<figure class=\"wp-block-video\"><video height=\"1080\" style=\"aspect-ratio: 1920 \/ 1080;\" width=\"1920\" controls src=\"https:\/\/new.gradski.me\/wp-content\/uploads\/2025\/08\/video-aece4769dda86bf652b4ffdad0921a66-V.mp4\"><\/video><figcaption class=\"wp-element-caption\">Video: Patrola CG\/Viber<\/figcaption><\/figure>","protected":false},"excerpt":{"rendered":"<p>Po\u017eari na crnogorskom primorju ne jenjavaju. Nakon Buljarice, gori i u \u010canju. Barski vatrogasci su na terenu i gase po\u017ear koji se nalazi na oko sto metara od ku\u0107a, pi\u0161e portal RTCG-a.<\/p>","protected":false},"author":1,"featured_media":810917,"comment_status":"open","ping_status":"open","sticky":false,"template":"","format":"standard","meta":{"_acf_changed":false,"footnotes":"","jetpack_publicize_message":"","jetpack_publicize_feature_enabled":true,"jetpack_social_post_already_shared":false,"jetpack_social_options":{"image_generator_settings":{"template":"highway","default_image_id":0,"font":"","enabled":false},"version":2}},"categories":[9],"tags":[1990,618],"naslovna":[],"class_list":["post-810671","post","type-post","status-publish","format-standard","has-post-thumbnail","hentry","category-drustvo","tag-canj","tag-pozar"],"acf":[],"jetpack_publicize_connections":[],"_links":{"self":[{"href":"https:\/\/gradski.me\/en\/wp-json\/wp\/v2\/posts\/810671","targetHints":{"allow":["GET"]}}],"collection":[{"href":"https:\/\/gradski.me\/en\/wp-json\/wp\/v2\/posts"}],"about":[{"href":"https:\/\/gradski.me\/en\/wp-json\/wp\/v2\/types\/post"}],"author":[{"embeddable":true,"href":"https:\/\/gradski.me\/en\/wp-json\/wp\/v2\/users\/1"}],"replies":[{"embeddable":true,"href":"https:\/\/gradski.me\/en\/wp-json\/wp\/v2\/comments?post=810671"}],"version-history":[{"count":0,"href":"https:\/\/gradski.me\/en\/wp-json\/wp\/v2\/posts\/810671\/revisions"}],"wp:featuredmedia":[{"embeddable":true,"href":"https:\/\/gradski.me\/en\/wp-json\/wp\/v2\/media\/810917"}],"wp:attachment":[{"href":"https:\/\/gradski.me\/en\/wp-json\/wp\/v2\/media?parent=810671"}],"wp:term":[{"taxonomy":"category","embeddable":true,"href":"https:\/\/gradski.me\/en\/wp-json\/wp\/v2\/categories?post=810671"},{"taxonomy":"post_tag","embeddable":true,"href":"https:\/\/gradski.me\/en\/wp-json\/wp\/v2\/tags?post=810671"},{"taxonomy":"naslovna","embeddable":true,"href":"https:\/\/gradski.me\/en\/wp-json\/wp\/v2\/naslovna?post=810671"}],"curies":[{"name":"wp","href":"https:\/\/api.w.org\/{rel}","templated":true}]}}