{"id":810632,"date":"2025-08-11T10:35:00","date_gmt":"2025-08-11T08:35:00","guid":{"rendered":"https:\/\/gradski.me\/?p=810632"},"modified":"2025-08-11T10:35:00","modified_gmt":"2025-08-11T08:35:00","slug":"uhapsen-turski-drzavljanin-sa-potjernice-interpola-osudjen-na-11-godina-zatvora","status":"publish","type":"post","link":"https:\/\/gradski.me\/en\/hronika\/uhapsen-turski-drzavljanin-sa-potjernice-interpola-osudjen-na-11-godina-zatvora\/","title":{"rendered":"Uhap\u0161en turski dr\u017eavljanin sa potjernice Interpola, osu\u0111en na 11 godina zatvora"},"content":{"rendered":"<p><\/p>\n\n\n\n<p>&#8220;Za licem E.S. je raspisana me\u0111unarodna potjernica od strane NCB Interpola Ankara, po osnovu naredbe Glavnog javnog tu\u017eioca grada Aksaraya od 7.2.2024. godine, radi izdr\u017eavanja preostale kazne zatvora u trajanju od sedam godina i \u0161est mjeseci, od ukupno 11 godina shodno presudi, zbog krivi\u010dnog djela nano\u0161enje te\u0161kih tjelesnih povreda sa smrtnim ishodom, po\u010dinjenog 2016. godine&#8220;, navedeno je iz Uprave policije.<\/p>\n\n\n\n<p>Lice \u0107e biti privedeno nadle\u017enom sudiji za istragu Vi\u0161eg suda u Podgorici, zaklju\u010duju u Upravi policije.<\/p>","protected":false},"excerpt":{"rendered":"<p>Slu\u017ebenici Sektora grani\u010dne policije su ju\u010de na grani\u010dnom prelazu Bo\u017eaj, na izlazu iz Crne Gore, kontrolisali a potom li\u0161ili slobode turskog dr\u017eavljanina E.S.(37), saop\u0161teno je iz Uprave policije.<\/p>","protected":false},"author":1,"featured_media":730504,"comment_status":"open","ping_status":"open","sticky":false,"template":"","format":"standard","meta":{"_acf_changed":false,"footnotes":"","jetpack_publicize_message":"","jetpack_publicize_feature_enabled":true,"jetpack_social_post_already_shared":false,"jetpack_social_options":{"image_generator_settings":{"template":"highway","default_image_id":0,"font":"","enabled":false},"version":2}},"categories":[10],"tags":[693,2004,2005],"naslovna":[],"class_list":["post-810632","post","type-post","status-publish","format-standard","has-post-thumbnail","hentry","category-hronika","tag-hapsenje","tag-potjernica-interpola","tag-turski-drzavljanin"],"acf":[],"jetpack_publicize_connections":[],"_links":{"self":[{"href":"https:\/\/gradski.me\/en\/wp-json\/wp\/v2\/posts\/810632","targetHints":{"allow":["GET"]}}],"collection":[{"href":"https:\/\/gradski.me\/en\/wp-json\/wp\/v2\/posts"}],"about":[{"href":"https:\/\/gradski.me\/en\/wp-json\/wp\/v2\/types\/post"}],"author":[{"embeddable":true,"href":"https:\/\/gradski.me\/en\/wp-json\/wp\/v2\/users\/1"}],"replies":[{"embeddable":true,"href":"https:\/\/gradski.me\/en\/wp-json\/wp\/v2\/comments?post=810632"}],"version-history":[{"count":0,"href":"https:\/\/gradski.me\/en\/wp-json\/wp\/v2\/posts\/810632\/revisions"}],"wp:featuredmedia":[{"embeddable":true,"href":"https:\/\/gradski.me\/en\/wp-json\/wp\/v2\/media\/730504"}],"wp:attachment":[{"href":"https:\/\/gradski.me\/en\/wp-json\/wp\/v2\/media?parent=810632"}],"wp:term":[{"taxonomy":"category","embeddable":true,"href":"https:\/\/gradski.me\/en\/wp-json\/wp\/v2\/categories?post=810632"},{"taxonomy":"post_tag","embeddable":true,"href":"https:\/\/gradski.me\/en\/wp-json\/wp\/v2\/tags?post=810632"},{"taxonomy":"naslovna","embeddable":true,"href":"https:\/\/gradski.me\/en\/wp-json\/wp\/v2\/naslovna?post=810632"}],"curies":[{"name":"wp","href":"https:\/\/api.w.org\/{rel}","templated":true}]}}