{"id":810511,"date":"2025-08-11T09:05:00","date_gmt":"2025-08-11T07:05:00","guid":{"rendered":"https:\/\/gradski.me\/?p=810511"},"modified":"2025-08-11T09:05:00","modified_gmt":"2025-08-11T07:05:00","slug":"do-novembra-novo-korito-cehotine-kljuc-za-opstanak-rudnika-uglja-i-te-pljevlja","status":"publish","type":"post","link":"https:\/\/gradski.me\/en\/drustvo\/do-novembra-novo-korito-cehotine-kljuc-za-opstanak-rudnika-uglja-i-te-pljevlja\/","title":{"rendered":"Do novembra novo korito \u0106ehotine \u2013 klju\u010d za opstanak Rudnika uglja i TE Pljevlja"},"content":{"rendered":"<p>Aktuelno izmje\u0161tanje korota rijeke \u010cehotine 2. od 2008. godine i njeno vra\u0107anje u prirodni tok izuzetno je va\u017ean projekat za rudnik, jer obezbje\u0111uje dugoro\u010dnu eksploataciju uglja sa povr\u0161inskog kopa Potrlica, a shodno tome i stabilan rad ubjedljivo najve\u0107eg potro\u0161a\u010da, termoelektrane Pljevlja.<\/p>\n\n\n\n<p>Trenutnim tempom radova zadovoljni su u rudarskoj kompaniji i isti\u010du da je, ukoliko vremenski uslovi budu pogodovali, novembar krajnji rok do kada bi svi planirani poslovi trebalo da budu zavr\u0161eni, izjavio je izvr\u0161ni direktor rudnika Nemanja Lakovi\u0107.<\/p>\n\n\n\n<p>&#8222;Izmje\u0161tanjem rijeke \u010cehotine otvaramo front radova prema kopu Kalu\u0161i\u0107i i otvaramo na\u0161 kop do po rudarskom projektu do kraja eksploatacije do 1949. godine. Da se \u010cehotina ove godine nije zavr\u0161ila izmje\u0161tanje, rudnik bi stao sa radom i termoelektrana bi stala sa radom, \u0161to bi dovelo do katastrofalnih posljedica za energetski sistem. Radi se u tri smjene, radovi idu odli\u010dnom dinamikom i izuzetno smo zadovoljni i nadamo se da \u0107emo sti\u0107i u predvi\u0111enom roku da zavr\u0161imo sve&#8220;, istakao je Lakovi\u0107.<\/p>\n\n\n\n<p><br>Vrijednost posla je oko 16,2 miliona eura, a kompletno finansiranje preuzeo je rudnik, nagla\u0161ava Lakovi\u0107.<\/p>\n\n\n\n<p>&#8222;Rudnik uglja finansira ovaj projekat isklju\u010divo iz svojih sredstava, mi smo u koordinaciji sa elektroprivredom u\u0161li u kreditnu investicionu liniju za ovaj projekat, obezbijedili smo sredstva, kredit je dobijen po najpovoljnijim uslovima&#8220;, rekao je Lakovi\u0107.<\/p>\n\n\n\n<p>Pored finansijske koristi i stabilnijeg funkcionisanja elektroenergetskog sistema Crne Gore, izmje\u0161tanje \u010cehotine zajedno sa ekolo\u0161kom rekonstrukcijom termoelektrane omogu\u0107i\u0107e i zna\u010dajne ekolo\u0161ke benefite za Pljevaljsku op\u0161tinu po svim parametrima, vjerovatno najzaga\u0111eniju u dr\u017eavi.<\/p>","protected":false},"excerpt":{"rendered":"<p>Izgradnja novog korita za rijeku \u0106ehotinu, dugog preko dva kilometra i vrijednog ne\u0161to vi\u0161e od 16 miliona eura, klju\u010dni je projekat za dalje funkcionisanje pljevaljskog Rudnika uglja. Stoga u toj kompaniji \u010dine sve da veoma zahtjevne poslove zavr\u0161e do novembra i time, u narednim godinama, obezbijede dovoljne koli\u010dine uglja za termoelektranu \u201cPljevlja\u201d.<\/p>","protected":false},"author":1,"featured_media":810512,"comment_status":"open","ping_status":"open","sticky":false,"template":"","format":"standard","meta":{"_acf_changed":false,"footnotes":"","jetpack_publicize_message":"","jetpack_publicize_feature_enabled":true,"jetpack_social_post_already_shared":false,"jetpack_social_options":{"image_generator_settings":{"template":"highway","default_image_id":0,"font":"","enabled":false},"version":2}},"categories":[9],"tags":[1974,1975],"naslovna":[],"class_list":["post-810511","post","type-post","status-publish","format-standard","has-post-thumbnail","hentry","category-drustvo","tag-cehotina","tag-te-pljevlja"],"acf":[],"jetpack_publicize_connections":[],"_links":{"self":[{"href":"https:\/\/gradski.me\/en\/wp-json\/wp\/v2\/posts\/810511","targetHints":{"allow":["GET"]}}],"collection":[{"href":"https:\/\/gradski.me\/en\/wp-json\/wp\/v2\/posts"}],"about":[{"href":"https:\/\/gradski.me\/en\/wp-json\/wp\/v2\/types\/post"}],"author":[{"embeddable":true,"href":"https:\/\/gradski.me\/en\/wp-json\/wp\/v2\/users\/1"}],"replies":[{"embeddable":true,"href":"https:\/\/gradski.me\/en\/wp-json\/wp\/v2\/comments?post=810511"}],"version-history":[{"count":0,"href":"https:\/\/gradski.me\/en\/wp-json\/wp\/v2\/posts\/810511\/revisions"}],"wp:featuredmedia":[{"embeddable":true,"href":"https:\/\/gradski.me\/en\/wp-json\/wp\/v2\/media\/810512"}],"wp:attachment":[{"href":"https:\/\/gradski.me\/en\/wp-json\/wp\/v2\/media?parent=810511"}],"wp:term":[{"taxonomy":"category","embeddable":true,"href":"https:\/\/gradski.me\/en\/wp-json\/wp\/v2\/categories?post=810511"},{"taxonomy":"post_tag","embeddable":true,"href":"https:\/\/gradski.me\/en\/wp-json\/wp\/v2\/tags?post=810511"},{"taxonomy":"naslovna","embeddable":true,"href":"https:\/\/gradski.me\/en\/wp-json\/wp\/v2\/naslovna?post=810511"}],"curies":[{"name":"wp","href":"https:\/\/api.w.org\/{rel}","templated":true}]}}