{"id":810469,"date":"2025-08-11T07:47:05","date_gmt":"2025-08-11T05:47:05","guid":{"rendered":"https:\/\/gradski.me\/?p=810469"},"modified":"2025-08-11T07:47:05","modified_gmt":"2025-08-11T05:47:05","slug":"pozar-u-bijelom-polju-ugrozene-kuce","status":"publish","type":"post","link":"https:\/\/gradski.me\/en\/drustvo\/pozar-u-bijelom-polju-ugrozene-kuce\/","title":{"rendered":"Po\u017ear u Bijelom Polju, ugro\u017eene ku\u0107e"},"content":{"rendered":"<p>&#8222;Ekipe su i dalje na terenu&#8220;, ka\u017ee Koli\u0107.<\/p>\n\n\n\n<p>Podsje\u0107a da ve\u0107 danima gase po\u017ear na lokaciji \u017duber gdje je u\u010destvovala i aviohelikopterska jedinica MUP-a.<\/p>\n\n\n\n<p>&#8222;Na lokaciji \u017duber je u intervenciji u\u010destvovalo sedam vatrogasaca spasilaca sa dva specijalna i jednim tehni\u010dkim vozilom, a na lokaciji Biokovac sedam vatrogasaca spasilaca, sa dva specijalna i jednim tehni\u010dkim vozilom gdje su ekipe i dalje na terenu. Ovom prilikom opet apelujemo na gra\u0111ane da se suzdr\u017ee od paljenja na otvorenom jer je su narednih dana najavljene visoke temperature, a posljedice koje po\u017eari ostave za sobom su znatno velike&#8220;, ka\u017ee Koli\u0107.<\/p>","protected":false},"excerpt":{"rendered":"<p>Veliki broj objekata i ku\u0107a ugro\u017een je po\u017earom koji je izbio u Bijelom Polju, na lokaciji Bikovac-Grab, saop\u0161tio je za RTCG komandir Edin Koli\u0107. Kako se pretpostavlja da je uzrok po\u017eara ljudski faktor, obavije\u0161tena je i policija.<\/p>","protected":false},"author":1,"featured_media":810470,"comment_status":"open","ping_status":"open","sticky":false,"template":"","format":"standard","meta":{"_acf_changed":false,"footnotes":"","jetpack_publicize_message":"","jetpack_publicize_feature_enabled":true,"jetpack_social_post_already_shared":false,"jetpack_social_options":{"image_generator_settings":{"template":"highway","default_image_id":0,"font":"","enabled":false},"version":2}},"categories":[9],"tags":[1347,618],"naslovna":[],"class_list":["post-810469","post","type-post","status-publish","format-standard","has-post-thumbnail","hentry","category-drustvo","tag-bijelo-polje","tag-pozar"],"acf":[],"jetpack_publicize_connections":[],"_links":{"self":[{"href":"https:\/\/gradski.me\/en\/wp-json\/wp\/v2\/posts\/810469","targetHints":{"allow":["GET"]}}],"collection":[{"href":"https:\/\/gradski.me\/en\/wp-json\/wp\/v2\/posts"}],"about":[{"href":"https:\/\/gradski.me\/en\/wp-json\/wp\/v2\/types\/post"}],"author":[{"embeddable":true,"href":"https:\/\/gradski.me\/en\/wp-json\/wp\/v2\/users\/1"}],"replies":[{"embeddable":true,"href":"https:\/\/gradski.me\/en\/wp-json\/wp\/v2\/comments?post=810469"}],"version-history":[{"count":0,"href":"https:\/\/gradski.me\/en\/wp-json\/wp\/v2\/posts\/810469\/revisions"}],"wp:featuredmedia":[{"embeddable":true,"href":"https:\/\/gradski.me\/en\/wp-json\/wp\/v2\/media\/810470"}],"wp:attachment":[{"href":"https:\/\/gradski.me\/en\/wp-json\/wp\/v2\/media?parent=810469"}],"wp:term":[{"taxonomy":"category","embeddable":true,"href":"https:\/\/gradski.me\/en\/wp-json\/wp\/v2\/categories?post=810469"},{"taxonomy":"post_tag","embeddable":true,"href":"https:\/\/gradski.me\/en\/wp-json\/wp\/v2\/tags?post=810469"},{"taxonomy":"naslovna","embeddable":true,"href":"https:\/\/gradski.me\/en\/wp-json\/wp\/v2\/naslovna?post=810469"}],"curies":[{"name":"wp","href":"https:\/\/api.w.org\/{rel}","templated":true}]}}