{"id":809525,"date":"2025-08-09T07:38:00","date_gmt":"2025-08-09T05:38:00","guid":{"rendered":"https:\/\/gradski.me\/?p=809525"},"modified":"2025-08-09T07:38:00","modified_gmt":"2025-08-09T05:38:00","slug":"evropa-ce-uskoro-utonuti-u-totalni-mrak","status":"publish","type":"post","link":"https:\/\/gradski.me\/en\/svijet\/evropa-ce-uskoro-utonuti-u-totalni-mrak\/","title":{"rendered":"Evropa \u0107e uskoro utonuti u totalni mrak"},"content":{"rendered":"<p><\/p>\n\n\n\n<p>&nbsp;Ovaj nebeski spektakl mo\u0107i \u0107e da se posmatra samo sa nekoliko lokacija, a najbolji uslovi bi\u0107e na Islandu i u sjevernoj \u0160paniji, koje \u0107e se na\u0107i u samom centru ovog kosmi\u010dkog doga\u0111aja.<\/p>\n\n\n\n<p>Posljednje potpuno pomra\u010denje Sunca na evropskom tlu zabilje\u017eeno je 1999. godine, \u0161to \u010dini ovaj doga\u0111aj izuzetno rijetkim i o\u010dekivanim. O\u010dekivanja su da \u0107e fenomen izazvati veliko interesovanje me\u0111u ljubiteljima astronomije i turistima, a ve\u0107 sada se bilje\u017ei rast rezervacija putovanja u regionima gdje \u0107e pomra\u010denje biti najjasnije vidljivo.<\/p>\n\n\n\n<p>Tokom potpunog pomra\u010denja Sunca, Mjesec \u0107e se na\u0107i ta\u010dno izme\u0111u Zemlje i Sunca, potpuno zaklanjaju\u0107i Sunce i pretvaraju\u0107i dan u no\u0107 na kratko vrijeme. Ovaj doga\u0111aj izaziva i poseban fenomen na nebu, koji \u0107e mnogi imati priliku da vide u\u017eivo.<\/p>\n\n\n\n<p>Pomra\u010denje Sunca postaje sve popularniji razlog za putovanja, a \u201cnoctourism\u201d \u2013 odnosno turizam baziran na posmatranju neba \u2013 privla\u010di sve ve\u0107i broj ljudi \u0161irom svijeta. Na primjer, nakon posljednjeg pomra\u010denja u Sjevernoj Americi zabilje\u017een je zna\u010dajan porast u potra\u017enji za smje\u0161tajem i letovima.<\/p>\n\n\n\n<p><\/p>\n\n\n\n<p>Stoga, ako planirate da budete dio ovog rijetkog nebeskog doga\u0111aja, zapamtite \u2013 12. avgust 2026. je datum koji vrijedi isplanirati.<\/p>\n\n\n\n<p><\/p>","protected":false},"excerpt":{"rendered":"<p>Ta\u010dno 12. avgusta 2026. godine, Evropa \u0107e po prvi put nakon 27 godina ponovo do\u017eivjeti potpuno pomra\u010denje Sunca.<\/p>","protected":false},"author":1,"featured_media":809528,"comment_status":"open","ping_status":"open","sticky":false,"template":"","format":"standard","meta":{"_acf_changed":false,"footnotes":"","jetpack_publicize_message":"","jetpack_publicize_feature_enabled":true,"jetpack_social_post_already_shared":false,"jetpack_social_options":{"image_generator_settings":{"template":"highway","default_image_id":0,"font":"","enabled":false},"version":2}},"categories":[14],"tags":[1723,1724,1725],"naslovna":[],"class_list":["post-809525","post","type-post","status-publish","format-standard","has-post-thumbnail","hentry","category-svijet","tag-evropa","tag-mrak","tag-pomracenje"],"acf":[],"jetpack_publicize_connections":[],"_links":{"self":[{"href":"https:\/\/gradski.me\/en\/wp-json\/wp\/v2\/posts\/809525","targetHints":{"allow":["GET"]}}],"collection":[{"href":"https:\/\/gradski.me\/en\/wp-json\/wp\/v2\/posts"}],"about":[{"href":"https:\/\/gradski.me\/en\/wp-json\/wp\/v2\/types\/post"}],"author":[{"embeddable":true,"href":"https:\/\/gradski.me\/en\/wp-json\/wp\/v2\/users\/1"}],"replies":[{"embeddable":true,"href":"https:\/\/gradski.me\/en\/wp-json\/wp\/v2\/comments?post=809525"}],"version-history":[{"count":0,"href":"https:\/\/gradski.me\/en\/wp-json\/wp\/v2\/posts\/809525\/revisions"}],"wp:featuredmedia":[{"embeddable":true,"href":"https:\/\/gradski.me\/en\/wp-json\/wp\/v2\/media\/809528"}],"wp:attachment":[{"href":"https:\/\/gradski.me\/en\/wp-json\/wp\/v2\/media?parent=809525"}],"wp:term":[{"taxonomy":"category","embeddable":true,"href":"https:\/\/gradski.me\/en\/wp-json\/wp\/v2\/categories?post=809525"},{"taxonomy":"post_tag","embeddable":true,"href":"https:\/\/gradski.me\/en\/wp-json\/wp\/v2\/tags?post=809525"},{"taxonomy":"naslovna","embeddable":true,"href":"https:\/\/gradski.me\/en\/wp-json\/wp\/v2\/naslovna?post=809525"}],"curies":[{"name":"wp","href":"https:\/\/api.w.org\/{rel}","templated":true}]}}