{"id":808886,"date":"2025-08-07T18:50:00","date_gmt":"2025-08-07T16:50:00","guid":{"rendered":"https:\/\/gradski.me\/?p=808886"},"modified":"2025-08-07T18:50:00","modified_gmt":"2025-08-07T16:50:00","slug":"forum-zena-sdp-pozvao-institucije-da-uklone-spomenik-pavlu-djurisicu-u-beranama","status":"publish","type":"post","link":"https:\/\/gradski.me\/en\/politika\/forum-zena-sdp-pozvao-institucije-da-uklone-spomenik-pavlu-djurisicu-u-beranama\/","title":{"rendered":"Forum \u017eena SDP pozvao institucije da uklone spomenik Pavlu \u0110uri\u0161i\u0107u u Beranama"},"content":{"rendered":"<p><\/p>\n\n\n\n<p>Forum \u017eena SDP Crne Gore saop\u0161tio je da s dubokom zabrinuto\u0161\u0107u prati vijesti o otkrivanju spomenika u Beranama komandantu \u010detni\u010dkih formacija u Drugom svjetskom ratu, poznatom po zlo\u010dinima nad civilnim stanovni\u0161tvom i saradnji s okupatorima.<\/p>\n\n\n\n<p>\u201cOvaj \u010din, izveden bez javne najave, tajno i iza kulisa, predstavlja direktan udar na antifa\u0161isti\u010dke temelje dr\u017eave Crne Gore\u201d, navodi se u saop\u0161tenju.<\/p>\n\n\n\n<p>Iz Foruma \u017eena su kazali da je spomenik postavljen pod okriljem vlasti formirane 30. avgusta 2020. godine, uz podr\u0161ku Crkve Srbije, te ocjenjuju da su u toj vladi dominirali predstavnici ideolo\u0161ki bliski kleronacionalnom i \u010detni\u010dkom naslje\u0111u.<\/p>\n\n\n\n<p>\u201cTaj \u010din nije samo istorijski revizionizam &#8211; to je poku\u0161aj da se Crna Gora preoblikuje u dr\u017eavu koja negira vlastitu multietni\u010dku, gra\u0111ansku i antifa\u0161isti\u010dku su\u0161tinu\u201d, poru\u010duju iz SDP.<\/p>\n\n\n\n<p>Forum \u017eena je uputio apel svim gra\u0111ankama i gra\u0111anima Crne Gore, poru\u010duju\u0107i: \u201eProbudi se, Crna Goro! Brisanju dr\u017eave Crne Gore mora se odlu\u010dno stati na put!\u201c<\/p>\n\n\n\n<p>\u201cU obavezi smo da dostojanstveno \u010duvamo vrijednosti i dostignu\u0107a na\u0161ih \u0111edova i pra\u0111edova \u2014 prije svega slobodu koju im niko nije poklonio, ve\u0107 su je sami izborili\u201d, isti\u010de se u saop\u0161tenju.<\/p>\n\n\n\n<p>Forum \u017eena SDP pozvao je Vladu, Ministarstvo kulture i medija, Ministarstvo ljudskih i manjinskih prava, dr\u017eavno tu\u017eila\u0161tvo i lokalne samouprave da preduzmu sve zakonske mjere radi uklanjanja ovog spomen-obilje\u017eja.<\/p>\n\n\n\n<p>Tako\u0111e su apelovali na sve slobodnomisle\u0107e dru\u0161tvene aktere &#8211; nevladine organizacije, akademsku zajednicu, intelektualce, umjetnike, medije i gra\u0111anske inicijative &#8211; da jasno i javno osude, kako su naveli, poku\u0161aje istorijskog revizionizma i uru\u0161avanja antifa\u0161isti\u010dkog naslje\u0111a Crne Gore.<\/p>\n\n\n\n<p><\/p>","protected":false},"excerpt":{"rendered":"<p>Forum \u017eena Socijaldemokratske partije (SDP) pozvao je nadle\u017ene dr\u017eavne institucije da hitno reaguju i uklone spomenik Pavlu \u0110uri\u0161i\u0107u, postavljen tajno, ocjenjuju\u0107i da je rije\u010d o direktnom udaru na antifa\u0161isti\u010dke temelje Crne Gore i poku\u0161aju istorijskog revizionizma.<\/p>","protected":false},"author":1,"featured_media":649124,"comment_status":"open","ping_status":"open","sticky":false,"template":"","format":"standard","meta":{"_acf_changed":false,"footnotes":"","jetpack_publicize_message":"","jetpack_publicize_feature_enabled":true,"jetpack_social_post_already_shared":false,"jetpack_social_options":{"image_generator_settings":{"template":"highway","default_image_id":0,"font":"","enabled":false},"version":2}},"categories":[7],"tags":[53,1552,1553,1468,1469,1485],"naslovna":[],"class_list":["post-808886","post","type-post","status-publish","format-standard","has-post-thumbnail","hentry","category-politika","tag-berane","tag-forum-zena-sdp","tag-institucije","tag-pavle-djurisic","tag-spomenik","tag-uklanjanje"],"acf":[],"jetpack_publicize_connections":[],"_links":{"self":[{"href":"https:\/\/gradski.me\/en\/wp-json\/wp\/v2\/posts\/808886","targetHints":{"allow":["GET"]}}],"collection":[{"href":"https:\/\/gradski.me\/en\/wp-json\/wp\/v2\/posts"}],"about":[{"href":"https:\/\/gradski.me\/en\/wp-json\/wp\/v2\/types\/post"}],"author":[{"embeddable":true,"href":"https:\/\/gradski.me\/en\/wp-json\/wp\/v2\/users\/1"}],"replies":[{"embeddable":true,"href":"https:\/\/gradski.me\/en\/wp-json\/wp\/v2\/comments?post=808886"}],"version-history":[{"count":0,"href":"https:\/\/gradski.me\/en\/wp-json\/wp\/v2\/posts\/808886\/revisions"}],"wp:featuredmedia":[{"embeddable":true,"href":"https:\/\/gradski.me\/en\/wp-json\/wp\/v2\/media\/649124"}],"wp:attachment":[{"href":"https:\/\/gradski.me\/en\/wp-json\/wp\/v2\/media?parent=808886"}],"wp:term":[{"taxonomy":"category","embeddable":true,"href":"https:\/\/gradski.me\/en\/wp-json\/wp\/v2\/categories?post=808886"},{"taxonomy":"post_tag","embeddable":true,"href":"https:\/\/gradski.me\/en\/wp-json\/wp\/v2\/tags?post=808886"},{"taxonomy":"naslovna","embeddable":true,"href":"https:\/\/gradski.me\/en\/wp-json\/wp\/v2\/naslovna?post=808886"}],"curies":[{"name":"wp","href":"https:\/\/api.w.org\/{rel}","templated":true}]}}