{"id":808802,"date":"2025-08-07T16:35:00","date_gmt":"2025-08-07T14:35:00","guid":{"rendered":"https:\/\/gradski.me\/?p=808802"},"modified":"2025-08-07T16:35:00","modified_gmt":"2025-08-07T14:35:00","slug":"tramp-se-ne-protivi-netanjahuovom-planu-o-okupaciji-pojasa-gaze","status":"publish","type":"post","link":"https:\/\/gradski.me\/en\/svijet\/tramp-se-ne-protivi-netanjahuovom-planu-o-okupaciji-pojasa-gaze\/","title":{"rendered":"Tramp se ne protivi Netanjahuovom planu o okupaciji Pojasa Gaze"},"content":{"rendered":"<p><\/p>\n\n\n\n<p>O\u010dekuje se da \u0107e izraelski bzbjednosni kabinet u \u010detvrtak odobriti vrlo kontroverzan plan pro\u0161irenja rata. Prema izvorima, Tramp je odlu\u010dio ne intervenisati i prepustiti izraelskoj vladi da sama donosi odluke.<\/p>\n\n\n\n<p>O\u010dekuje se da \u0107e nova operacija okupacije dodatnih podru\u010dja centralne Gaze, uklju\u010duju\u0107i grad Gazu, trajati najmanje nekoliko mjeseci i uklju\u010divati raseljavanje oko milion palestinskih civila.<\/p>\n\n\n\n<p>Izraelska vojska tako\u0111e bi se kretala u podru\u010dja za koja Izrael vjeruje da se dr\u017ee zarobljenici mogu\u0107e reskiraju\u0107i njihove \u017eivote.<\/p>\n\n\n\n<p>Netanjahu je spreman eskalirati rat uprkos ogromnom me\u0111unarodnom pritisku da se zaustave borbe i da se prioritet humanitarnoj krizi u enklavi &#8211; i uprkos protivljenju njegovih vlastitih glavnih generala.<\/p>\n\n\n\n<p>Dva ameri\u010dka zvani\u010dnika rekla su Axiosu da Tramp ne\u0107e intervenisati u izraelsko dono\u0161enje odluka o novoj operaciji.<\/p>\n\n\n\n<p>Kada su ga u utorak pitali o mogu\u0107oj potpunoj izraelskoj okupaciji Gaze, Tramp je rekao: &#8222;Zaista ne mogu re\u0107i. To \u0107e uglavnom zavisiti o Izraelu&#8220;.<\/p>\n\n\n\n<p>Netanjahu i njegovi pomo\u0107nici tvrde da Hamas nije zainteresovan za potpisivanje sveobuhvatnog prekida vatre i sporazuma o zarobljenicima pod uslovima koje Izrael mo\u017ee prihvatiti te da samo vojni pritisak mo\u017ee to promijeniti.<\/p>\n\n\n\n<p>&#8222;Nismo spremni ostati u trenutnom limbu i nismo spremni predati se zahtjevima Hamasa &#8211; tako da je u su\u0161tini preostala samo jedna opcija, preduzeti drasti\u010dan korak. Ovo je posljednja karta koja nam je preostala&#8220;, rekao je Netanjahuov pomo\u0107nik za Axios.<\/p>\n\n\n\n<p>Jedan ameri\u010dki zvani\u010dnik rekao je da je Trampa dirnuo video koji je objavio Hamas, na kojem izraelski talac kopa vlastiti grob.<\/p>\n\n\n\n<p>&#8222;To je uticalo na predsjednika i on \u0107e pustiti Izraelce da u\u010dine \u0161to trebaju&#8220;, rekao je zvani\u010dnik.<\/p>\n\n\n\n<p>Istovremeno, ameri\u010dki zvani\u010dnik rekao je da Trampova administracija ne podr\u017eava izraelsku aneksiju dijelova Gaze &#8211; jo\u0161 jednu mogu\u0107nost o kojoj su raspravljali izraelski zvani\u010dnici. Izme\u0111u redaka: IDF je oklijevao napasti podru\u010dja u Gazi na koja se novi plan usredsre\u0111uje iz straha od slu\u010dajnog ubijanja zarobljenika.<\/p>\n\n\n\n<p>Prema izraelskim zvani\u010dnicima, na\u010delnik glavnog \u0161taba IDF-a, general Ejal Zamir, rekao je Netanjahuu da bi takav potez ugrozio zarobljenike i mogao dovesti do izraelske vojne vlasti u Gazi s punom odgovorno\u0161\u0107u nad dva miliona Palestinaca.<\/p>\n\n\n\n<p>&#8222;Ulazite u zamku&#8220;, rekao je Zamir Netanjahuu na sastanku u utorak, prema vi\u0161e izvje\u0161taja u izraelskim medijima. \u010cini se da Netanjahu nije bio dirnut.<\/p>\n\n\n\n<p>Bijela ku\u0107a planira se u nadolaze\u0107im sedmicama usredsrediti na rje\u0161avanje krize gladi u Gazi, iako bi \u0161irenje rata to ote\u017ealo.<\/p>\n\n\n\n<p>Na sastanku u ponedjeljak uve\u010de u Bijeloj ku\u0107i, Tramp i posebni izaslanik Stiv Vitkof razgovarali su o planovima da SAD zna\u010dajno pove\u0107a svoju ulogu u pru\u017eanju humanitarne pomo\u0107i Gazi.<\/p>\n\n\n\n<p>&#8222;Sjedinjene Dr\u017eave i dalje su predane ubla\u017eavanju situacije u Gazi i podr\u017eavaju napore za pove\u0107anje humanitarne pomo\u0107i. Me\u0111utim, Sjedinjene Ameri\u010dke Dr\u017eave ne &#8216;preuzimaju&#8217; napore pru\u017eanja pomo\u0107i\u201c, rekao je ameri\u010dki zvani\u010dnik za Axios.<\/p>\n\n\n\n<p>Trampova administracija planira pove\u0107ati finansiranje Humanitarne fondacije za Gazu (GHF) kako bi otvorila nove centre za pomo\u0107 u dijelovima Gaze u koje \u0107e biti preseljeni raseljeni Palestinci, i u sjevernoj i u centralnoj Gazi, ka\u017eu izvori.<\/p>\n\n\n\n<p>Ameri\u010dki ambasador u Izraelu Majk Hakabi rekao je za Blumberg da SAD planira u\u010detverostru\u010diti broj centara za pomo\u0107 GHF-a s \u010detiri na 16.<\/p>\n\n\n\n<p>Humanitarne grupe i UN pozvali su Trampa da izvr\u0161i pritisak na Netanjahua da masovno pove\u0107a pomo\u0107 u okviru prethodnih kanala koje je Izrael uglavnom ugasio, umjesto da se usredsrediti na izgradnju GHF-a.<\/p>","protected":false},"excerpt":{"rendered":"<p>Predsjednik SAD-a Donald Tramp ne protivi se planu izraelskog premijera Benjamina Netanjahua da pokrene novu vojnu operaciju okupacije cijelog Pojasa Gaze, ka\u017eu ameri\u010dki i izraelski zvani\u010dnici.<\/p>","protected":false},"author":1,"featured_media":371028,"comment_status":"open","ping_status":"open","sticky":false,"template":"","format":"standard","meta":{"_acf_changed":false,"footnotes":"","jetpack_publicize_message":"","jetpack_publicize_feature_enabled":true,"jetpack_social_post_already_shared":false,"jetpack_social_options":{"image_generator_settings":{"template":"highway","default_image_id":0,"font":"","enabled":false},"version":2}},"categories":[14],"tags":[230,1507,1508,1161],"naslovna":[],"class_list":["post-808802","post","type-post","status-publish","format-standard","has-post-thumbnail","hentry","category-svijet","tag-donald-tramp","tag-netanjahu","tag-okupacija","tag-pojas-gaze"],"acf":[],"jetpack_publicize_connections":[],"_links":{"self":[{"href":"https:\/\/gradski.me\/en\/wp-json\/wp\/v2\/posts\/808802","targetHints":{"allow":["GET"]}}],"collection":[{"href":"https:\/\/gradski.me\/en\/wp-json\/wp\/v2\/posts"}],"about":[{"href":"https:\/\/gradski.me\/en\/wp-json\/wp\/v2\/types\/post"}],"author":[{"embeddable":true,"href":"https:\/\/gradski.me\/en\/wp-json\/wp\/v2\/users\/1"}],"replies":[{"embeddable":true,"href":"https:\/\/gradski.me\/en\/wp-json\/wp\/v2\/comments?post=808802"}],"version-history":[{"count":0,"href":"https:\/\/gradski.me\/en\/wp-json\/wp\/v2\/posts\/808802\/revisions"}],"wp:featuredmedia":[{"embeddable":true,"href":"https:\/\/gradski.me\/en\/wp-json\/wp\/v2\/media\/371028"}],"wp:attachment":[{"href":"https:\/\/gradski.me\/en\/wp-json\/wp\/v2\/media?parent=808802"}],"wp:term":[{"taxonomy":"category","embeddable":true,"href":"https:\/\/gradski.me\/en\/wp-json\/wp\/v2\/categories?post=808802"},{"taxonomy":"post_tag","embeddable":true,"href":"https:\/\/gradski.me\/en\/wp-json\/wp\/v2\/tags?post=808802"},{"taxonomy":"naslovna","embeddable":true,"href":"https:\/\/gradski.me\/en\/wp-json\/wp\/v2\/naslovna?post=808802"}],"curies":[{"name":"wp","href":"https:\/\/api.w.org\/{rel}","templated":true}]}}