{"id":808770,"date":"2025-08-07T15:45:00","date_gmt":"2025-08-07T13:45:00","guid":{"rendered":"https:\/\/gradski.me\/?p=808770"},"modified":"2025-08-07T15:45:00","modified_gmt":"2025-08-07T13:45:00","slug":"zizic-crna-gora-za-sest-mjeseci-ima-rast-gostiju-od-skoro-7-u-odnosu-na-proslu-godinu-a-cak-25-u-odnosu-na-rekordnu-2019","status":"publish","type":"post","link":"https:\/\/gradski.me\/en\/ekonomija\/zizic-crna-gora-za-sest-mjeseci-ima-rast-gostiju-od-skoro-7-u-odnosu-na-proslu-godinu-a-cak-25-u-odnosu-na-rekordnu-2019\/","title":{"rendered":"\u017di\u017ei\u0107: Crna Gora za \u0161est mjeseci ima rast gostiju od sedam odsto u odnosu na pro\u0161lu godinu, a 25 odsto u odnosu na 2019."},"content":{"rendered":"<p><\/p>\n\n\n\n<p>Va\u017eno je napomenuti da Crna Gora za \u0161est mjeseci ima rast gostiju od skoro 7% u odnosu na pro\u0161lu godinu, a \u010dak 25% u odnosu na rekordnu 2019. godinu. Crna Gora nikada nije bila vi\u0161e prepoznata na me\u0111unarodnoj turisti\u010dkoj mapi, a aerodromi i auto-put ru\u0161e rekorde u prevozu putnika i prometu vozila. Uzev\u0161i u obzir ove \u010dinjenice, potpuno je logi\u010dno da opoziciji smetaju uspjesi aktuelne vlasti, ali nije normalno da vode tragikomi\u010dnu kampanju protiv sopstvene zemlje i doma\u0107e privrede, naveo je \u017di\u017ei\u0107.<\/p>\n\n\n\n<p>&#8220;Kada su oni bili na vlasti, ostavili su razvaline lo\u0161ih privatizacija u turisti\u010dkom sektoru i mali broj tr\u017ei\u0161ta na koja se moglo ra\u010dunati gdje i najmanja promjena stanja mo\u017ee imati razorne posledice&#8220;, poru\u010dio je \u017di\u017ei\u0107.<\/p>\n\n\n\n<p>\u0160ta bi danas zna\u010dili na\u0161em turizmu \u201eprivatizovani\u201d, a onda poru\u0161eni hoteli HTP Boka, mo\u017eemo samo da zamislimo i \u017ealimo za tim dohocima, istakao je \u017di\u017ei\u0107.<\/p>\n\n\n\n<p>&#8220;Zato se sada ispravljaju njihove decenijske gre\u0161ke u najva\u017enijoj grani privrede, a u bud\u017eet dr\u017eave Crne Gore se sliva novac koji su ranije ubirali zaslu\u017eni pojedinci biv\u0161e vlasti. A po\u0161to realna turisti\u010dka privreda, mimo parapoliti\u010dkih \u0107elija pro\u0161log re\u017eima, izra\u017eava zadovoljstvo u poslovanju, ostaje im da se pomire sa \u010dinjenicom da \u0107e ova turisti\u010dka sezona biti najuspje\u0161nija do sada&#8220;, zaklju\u010duje \u017di\u017ei\u0107.<\/p>\n\n\n\n<p><\/p>","protected":false},"excerpt":{"rendered":"<p>Nedobronamjerna izjava poslanika Demokratske partije socijalista Nikole Milovi\u0107a o turisti\u010dkoj sezoni u Crnoj Gori predstavlja antidr\u017eavno djelovanje, gdje se po svaku cijenu \u017eeli nanijeti \u0161teta Crnoj Gori. Milovi\u0107evi navodi su samo nastavak orkestrirane kampanje protiv doma\u0107eg turizma koju vode DPS, njegove parapoliti\u010dke strukture i mediji vezani za ovu partiju ve\u0107 du\u017ei period, a zbog toga \u0161to \u0107e ova sezona biti finansijski najbolja u istoriji i to je njima sasvim jasno, ali bolno, saop\u0161tio je dr\u017eavni sekretar u Ministarstvu turizma Vuk \u017di\u017ei\u0107.<\/p>","protected":false},"author":1,"featured_media":808771,"comment_status":"open","ping_status":"open","sticky":false,"template":"","format":"standard","meta":{"_acf_changed":false,"footnotes":"","jetpack_publicize_message":"","jetpack_publicize_feature_enabled":true,"jetpack_social_post_already_shared":false,"jetpack_social_options":{"image_generator_settings":{"template":"highway","default_image_id":0,"font":"","enabled":false},"version":2}},"categories":[8],"tags":[188,1489,1490,1491,1492],"naslovna":[],"class_list":["post-808770","post","type-post","status-publish","format-standard","has-post-thumbnail","hentry","category-ekonomija","tag-crna-gora","tag-prosla-godina-2","tag-rast-gostiju","tag-sest-mjeseci","tag-vuk-zizic"],"acf":[],"jetpack_publicize_connections":[],"_links":{"self":[{"href":"https:\/\/gradski.me\/en\/wp-json\/wp\/v2\/posts\/808770","targetHints":{"allow":["GET"]}}],"collection":[{"href":"https:\/\/gradski.me\/en\/wp-json\/wp\/v2\/posts"}],"about":[{"href":"https:\/\/gradski.me\/en\/wp-json\/wp\/v2\/types\/post"}],"author":[{"embeddable":true,"href":"https:\/\/gradski.me\/en\/wp-json\/wp\/v2\/users\/1"}],"replies":[{"embeddable":true,"href":"https:\/\/gradski.me\/en\/wp-json\/wp\/v2\/comments?post=808770"}],"version-history":[{"count":0,"href":"https:\/\/gradski.me\/en\/wp-json\/wp\/v2\/posts\/808770\/revisions"}],"wp:featuredmedia":[{"embeddable":true,"href":"https:\/\/gradski.me\/en\/wp-json\/wp\/v2\/media\/808771"}],"wp:attachment":[{"href":"https:\/\/gradski.me\/en\/wp-json\/wp\/v2\/media?parent=808770"}],"wp:term":[{"taxonomy":"category","embeddable":true,"href":"https:\/\/gradski.me\/en\/wp-json\/wp\/v2\/categories?post=808770"},{"taxonomy":"post_tag","embeddable":true,"href":"https:\/\/gradski.me\/en\/wp-json\/wp\/v2\/tags?post=808770"},{"taxonomy":"naslovna","embeddable":true,"href":"https:\/\/gradski.me\/en\/wp-json\/wp\/v2\/naslovna?post=808770"}],"curies":[{"name":"wp","href":"https:\/\/api.w.org\/{rel}","templated":true}]}}