{"id":808389,"date":"2025-08-07T08:34:00","date_gmt":"2025-08-07T06:34:00","guid":{"rendered":"https:\/\/gradski.me\/?p=808389"},"modified":"2025-08-07T08:34:00","modified_gmt":"2025-08-07T06:34:00","slug":"podrucje-prokletija-sve-posjecenija-destinacija-dolina-grebaje-mamac-za-poklonike-planinskog-turizma","status":"publish","type":"post","link":"https:\/\/gradski.me\/en\/drustvo\/podrucje-prokletija-sve-posjecenija-destinacija-dolina-grebaje-mamac-za-poklonike-planinskog-turizma\/","title":{"rendered":"Podru\u010dje Prokletija sve posje\u0107enija destinacija: Dolina Grebaje mamac za poklonike planinskog turizma"},"content":{"rendered":"<p>Ovo \u017eivopisno mjesto, koje pripada Nacionalnom parku &#8222;Prokletije&#8220;, svojom ljepotom i posebnim prirodnim blagodetima, privuklo je i ovoga ljeta brojne posjetioce iz zemlje i inostranstva. To potvr\u0111uju i iz lokalne uprave, podsje\u0107aju\u0107i da je cijelo ovo podru\u010dje izuzetno izazovno, prije svega zbog specifi\u010dnog reljefa, bogate flore i faune i izobilja voda.<\/p>\n\n\n\n<p>\u2013 Iz godine u godinu se uvjeravamo da je Nacionalni park &#8222;Prokletije&#8220; sve vi\u0161e omiljena destinacija za brojne turiste iz razli\u010ditih zemalja. Naro\u010ditu pa\u017enju privla\u010di dolina Grebaje koja postaje stjeci\u0161te zaljubljenika u planinski turizam, a prije svega u alpinizam. Iz doline Grebaje planinarske staze vode do izazovnih vrhova Prokletija koji se prostiru iznad dvije hiljade metara nadmorske visine. Tu su i doma\u0107instva koje turistima, uz preno\u0107i\u0161ata, nude doma\u0107e specijalitete i zdravu ekolo\u0161ku hranu, \u0161to sve zajedno pru\u017ea uslove za u\u017eitak onima koji pribjegavaju aktivnom odmoru u netaknutoj prirodi. Svi ti sadr\u017eaji, a i veliki broj posjetilaca koji tokom godine obi\u0111u ove predjele daju za pravo da ka\u017eemo da su seoski i planinski turizam velika razvojna \u0161ansa ovoga kraja \u2013 istakli su iz lokalne uprave.<\/p>\n\n\n\n<p>Da je dolina Grebaje bogom dana za u\u017eivanje saglasni su i brojni inostrani turisti, a me\u0111u njima i&nbsp;<strong>Hendrik \u0160olc<\/strong>&nbsp;iz Njema\u010dke.<\/p>\n\n\n\n<p>\u2013 Ve\u0107 nekoliko godina dolazim ovdje i sve mi se vi\u0161e svi\u0111a. Lijepo je i privla\u010dno. Ovi \u010dudesni vrhovi su prirodna bajka. Pro\u0161etati planinskim stazama Prokletija je vi\u0161e nego izazovno. Tu kao da \u010dovjek lebdi u vazduhu. Odu\u0161evljava me kako su doma\u0107ini prijatni i koliko se trude da i gostima bude ugodno. Sve mi ovo li\u010di na pravu prirodnu bajku \u2013 nagla\u0161ava \u0160olc.<\/p>\n\n\n\n<p>Sa njegovom konstatacijom sla\u017ee se i&nbsp;<strong>Marina Jakovljevi\u0107<\/strong>&nbsp;iz Novog Sada, navode\u0107i da je dolina Grebaje pravo \u010dudo prirode.<\/p>\n\n\n\n<p><a href=\"https:\/\/dan.co.me\/crna-gora\/moderne-saobracajnice-dovode-turiste-u-gusinje-5307503\" target=\"_blank\" rel=\"noopener\"><\/a><\/p>\n\n\n\n<p>\u2013 Ko god se suo\u010di sa ovim ljepotama sigurno ne mo\u017ee ostati ravnodu\u0161an. Ovdje stanuje carstvo ti\u0161ine i ljepote. Ovdje je sve vajano Bo\u017eijom rukom. To su prave slike za najljep\u0161e razglednice. Ovi vrhovi su mamac za turiste i kao da govore do\u0111ite nam opet. Imam dosta prijatelja koji su saglasni sa mojim mi\u0161ljenjem. Rije\u010dju, blago zemlji koja ima ne\u0161to ovako \u2013 istakla je Jakovljevi\u0107.<\/p>\n\n\n\n<p>O ljepotama doline Grebaje rado pri\u010daju i mje\u0161tani koji su instalirali kapacitete za prihvat turista.<\/p>\n\n\n\n<p>\u2013 Na\u0161e doma\u0107instvo i ovog ljeta je posjetio veliki broj turista iz zemlje i inostranstva, Svi su oni odu\u0161evljeni i na\u0161im gostoprimstvom i onim \u0161to mogu da vide u srcu Prokletija. I svi koji jednom do\u0111u govore da \u0107e nas ponovo posjetiti. To je potvrda da ovaj kraj ima razvojnu perspektivu i da dr\u017eava treba \u0161to vi\u0161e da ula\u017ee u razvoj turizma na sjeveru Crne Gore \u2013 navode \u010dlanovi doma\u0107instva&nbsp;<strong>Go\u010daj<\/strong>.<\/p>\n\n\n\n<p>Mje\u0161tani apeluju da se popravi prilazni put<\/p>\n\n\n\n<p>Mje\u0161tani koji su \u017eive blizu doline Grebaje smatraju da bi nadle\u017eni morali vi\u0161e da ulo\u017ee u modernizaciju putne infrastrukture na ovom podru\u010dju i da osmi\u0161ljavanjem dodatnih sadr\u017eaja zaustave iseljavanje lokalnog stanovni\u0161tva.<\/p>\n\n\n\n<p>\u2013 Godinama instistiramo da dr\u017eava izdvoji sredstava za popravku saobra\u0107ajnice ka Grebajama, ali to se ne de\u0161ava. Tako \u0107emo i ovu ljetnju turisti\u010dku sezonu ispratiti bez valjanog prilaza izuzetno posje\u0107enoj turisti\u010dkoj destinaciji. Zato ponovo poru\u010dujemo da je krajnje vrijeme da se ovaj put dovede u red, jer je sramota za dr\u017eavu da turisti u svijet nose ovako ru\u017ene slike ogromnih rupa i kratera na promentoj cesti koja vodi u srce Nacionalnog parka &#8222;Prokletije&#8220;. Uz to, moraju se davati dodatni podsticaji za razvoj turizma i proizvodnju zdrave hrane \u2013 naveli su mje\u0161tani.<\/p>\n\n\n\n<p>I Gusinjani koji \u017eive u inostranstvu, ali i oni koji su ostali vjerni zavi\u010daju rado hrle ka dolini Grebaje uvjereni da je to jedan od najljep\u0161ih kutaka u Crnoj Gori.<\/p>\n\n\n\n<p>\u2013 Op\u0161tepoznato je da se svi zavi\u010dajci koji \u017eive u inostranstvu rado vra\u0107aju Gusinju. Oni obavezno kad do\u0111u u zavi\u010daj posjete dolinu Grebaje, jer ovo je pravi mali raj na zemlji. Me\u0111utim, uvjeren sam da ovu ljepotu treba dodatno iskoristiti, jer ona mo\u017ee da donese jo\u0161 vi\u0161e prihoda lokalnoj zajednici. Moraju se vi\u0161e koristiti iskustva ljudi koji se u nekim drugim zemljama bave planinskim i seoskim turizmom. Ako se to uve\u017ee sa onim \u0161to rade ljudi ovdje i onim \u0161to nam je priroda podarila onda se mo\u017eemo slobodno nadati da za Gusinje i \u010ditavi ovaj kraj dolaze jo\u0161 bolji dani \u2013 zaklju\u010dio je&nbsp;<strong>Mirsad Radon\u010di\u0107<\/strong>, koji kao ro\u0111eni Gusinjanin dugi niz godina \u017eivi u inostranstvu.<\/p>","protected":false},"excerpt":{"rendered":"<p>Da je dolina Grebaje, koja se ispod vrhova Prokletija prostire na desetak kilometara dalje od Gusinja, jedna od najposje\u0107enijih turisti\u010dkih destinacija na sjeveru Crne Gore pokazala je i ovogodi\u0161nja turisti\u010dka sezona.<\/p>","protected":false},"author":1,"featured_media":677300,"comment_status":"open","ping_status":"open","sticky":false,"template":"","format":"standard","meta":{"_acf_changed":false,"footnotes":"","jetpack_publicize_message":"","jetpack_publicize_feature_enabled":true,"jetpack_social_post_already_shared":false,"jetpack_social_options":{"image_generator_settings":{"template":"highway","default_image_id":0,"font":"","enabled":false},"version":2}},"categories":[9],"tags":[1395,1396,1397],"naslovna":[],"class_list":["post-808389","post","type-post","status-publish","format-standard","has-post-thumbnail","hentry","category-drustvo","tag-dolina-grebaje","tag-nacionalni-park","tag-prokletije"],"acf":[],"jetpack_publicize_connections":[],"_links":{"self":[{"href":"https:\/\/gradski.me\/en\/wp-json\/wp\/v2\/posts\/808389","targetHints":{"allow":["GET"]}}],"collection":[{"href":"https:\/\/gradski.me\/en\/wp-json\/wp\/v2\/posts"}],"about":[{"href":"https:\/\/gradski.me\/en\/wp-json\/wp\/v2\/types\/post"}],"author":[{"embeddable":true,"href":"https:\/\/gradski.me\/en\/wp-json\/wp\/v2\/users\/1"}],"replies":[{"embeddable":true,"href":"https:\/\/gradski.me\/en\/wp-json\/wp\/v2\/comments?post=808389"}],"version-history":[{"count":0,"href":"https:\/\/gradski.me\/en\/wp-json\/wp\/v2\/posts\/808389\/revisions"}],"wp:featuredmedia":[{"embeddable":true,"href":"https:\/\/gradski.me\/en\/wp-json\/wp\/v2\/media\/677300"}],"wp:attachment":[{"href":"https:\/\/gradski.me\/en\/wp-json\/wp\/v2\/media?parent=808389"}],"wp:term":[{"taxonomy":"category","embeddable":true,"href":"https:\/\/gradski.me\/en\/wp-json\/wp\/v2\/categories?post=808389"},{"taxonomy":"post_tag","embeddable":true,"href":"https:\/\/gradski.me\/en\/wp-json\/wp\/v2\/tags?post=808389"},{"taxonomy":"naslovna","embeddable":true,"href":"https:\/\/gradski.me\/en\/wp-json\/wp\/v2\/naslovna?post=808389"}],"curies":[{"name":"wp","href":"https:\/\/api.w.org\/{rel}","templated":true}]}}