{"id":808136,"date":"2025-08-06T18:34:00","date_gmt":"2025-08-06T16:34:00","guid":{"rendered":"https:\/\/gradski.me\/?p=808136"},"modified":"2025-08-06T18:34:00","modified_gmt":"2025-08-06T16:34:00","slug":"andjusic-investicija-nema-radnici-na-ulici","status":"publish","type":"post","link":"https:\/\/gradski.me\/en\/politika\/andjusic-investicija-nema-radnici-na-ulici\/","title":{"rendered":"An\u0111u\u0161i\u0107: Investicija nema, radnici na ulici\u00a0"},"content":{"rendered":"<p>\u201cKakav god posao da je, upisa\u0107emo makar jednog investirora. Danas, nakon zaklju\u010denog ugovora o zakupu na 50 godina i obaveze preuzimanja 150 radnika, EPCG je raskinula ugovor i podnijela zahtjev za naplatu duga u iznosu od 870.000 eura\u201d, dodaje An\u0111u\u0161i\u0107.<\/p>\n\n\n\n<p>Kako isti\u010de \u2013 investicija nema, novca od zakupa nema, radnici prakti\u010dno na ulici.<\/p>\n\n\n\n<p>\u201cTako izgleda jedini investicioni projekat nakon 2020. godine u Crnoj Gori\u201d, zaklju\u010duje An\u0111u\u0161i\u0107.<\/p>\n\n\n\n<p><\/p>","protected":false},"excerpt":{"rendered":"<p>Nakon 2020. godine je ipak bilo investitora \u2013 recimo Igor \u0160amiz (8B Capital), a pored vi\u0161e nego kontroverzne poslovne istorije ovog investitora, tada\u0161nji premijer je ipak odlu\u010dio da za minut slave pojede pasulj i dobije ovacije zaposlenih u \u017deljezari, saop\u0161tio je poslanik DPS-a Mihailo An\u0111u\u0161i\u0107 na dru\u0161tvenoj mre\u017ei X.<\/p>","protected":false},"author":1,"featured_media":765423,"comment_status":"open","ping_status":"open","sticky":false,"template":"","format":"standard","meta":{"_acf_changed":false,"footnotes":"","jetpack_publicize_message":"","jetpack_publicize_feature_enabled":true,"jetpack_social_post_already_shared":false,"jetpack_social_options":{"image_generator_settings":{"template":"highway","default_image_id":0,"font":"","enabled":false},"version":2}},"categories":[7],"tags":[88,1337,1338],"naslovna":[],"class_list":["post-808136","post","type-post","status-publish","format-standard","has-post-thumbnail","hentry","category-politika","tag-dps","tag-mihailo-andjusic","tag-zeljezara"],"acf":[],"jetpack_publicize_connections":[],"_links":{"self":[{"href":"https:\/\/gradski.me\/en\/wp-json\/wp\/v2\/posts\/808136","targetHints":{"allow":["GET"]}}],"collection":[{"href":"https:\/\/gradski.me\/en\/wp-json\/wp\/v2\/posts"}],"about":[{"href":"https:\/\/gradski.me\/en\/wp-json\/wp\/v2\/types\/post"}],"author":[{"embeddable":true,"href":"https:\/\/gradski.me\/en\/wp-json\/wp\/v2\/users\/1"}],"replies":[{"embeddable":true,"href":"https:\/\/gradski.me\/en\/wp-json\/wp\/v2\/comments?post=808136"}],"version-history":[{"count":0,"href":"https:\/\/gradski.me\/en\/wp-json\/wp\/v2\/posts\/808136\/revisions"}],"wp:featuredmedia":[{"embeddable":true,"href":"https:\/\/gradski.me\/en\/wp-json\/wp\/v2\/media\/765423"}],"wp:attachment":[{"href":"https:\/\/gradski.me\/en\/wp-json\/wp\/v2\/media?parent=808136"}],"wp:term":[{"taxonomy":"category","embeddable":true,"href":"https:\/\/gradski.me\/en\/wp-json\/wp\/v2\/categories?post=808136"},{"taxonomy":"post_tag","embeddable":true,"href":"https:\/\/gradski.me\/en\/wp-json\/wp\/v2\/tags?post=808136"},{"taxonomy":"naslovna","embeddable":true,"href":"https:\/\/gradski.me\/en\/wp-json\/wp\/v2\/naslovna?post=808136"}],"curies":[{"name":"wp","href":"https:\/\/api.w.org\/{rel}","templated":true}]}}