{"id":807659,"date":"2025-08-06T09:12:00","date_gmt":"2025-08-06T07:12:00","guid":{"rendered":"https:\/\/gradski.me\/?p=807659"},"modified":"2025-08-06T09:12:00","modified_gmt":"2025-08-06T07:12:00","slug":"netanjahu-pokrece-opstu-ofanzivu-na-pojas-gaze","status":"publish","type":"post","link":"https:\/\/gradski.me\/en\/svijet\/netanjahu-pokrece-opstu-ofanzivu-na-pojas-gaze\/","title":{"rendered":"Netanjahu pokre\u0107e op\u0161tu ofanzivu na Pojas Gaze"},"content":{"rendered":"<p><\/p>\n\n\n\n<p>Sastanak je odr\u017ean usred me\u0111usobnih optu\u017eivanja izme\u0111u Netanjahua i na\u010delnika general\u0161taba izraelske vojske general-pukovnika Eyala Zamira, zbog daljeg vo\u0111enja rata u Pojasu Gaze.<\/p>\n\n\n\n<p>Netanjahuov kabinet je u kratkom saop\u0161tenju naveo da je Netanjahu &#8222;danas odr\u017eao ograni\u010denu sigurnosnu diskusiju koja je trajala oko tri sata, u kojoj je \u0161ef kabineta predstavio opcije za nastavak kampanje u Gazi&#8220;.<\/p>\n\n\n\n<p>&#8222;Izraelska vojska je spremna sprovesti svaku odluku koju donese sigurnosni kabinet&#8220;, dodaje se u saop\u0161tenju.<\/p>\n\n\n\n<p>Prema dosada\u0161njoj praksi rata u Pojasu Gaze, operacija izraelske vojske bi mogla zapo\u010deti u narednih 48 sati.<\/p>\n\n\n\n<p>Me\u0111u ostalima koji su prisustvovali sastanku u utorak bili su ministar odbrane Israel Katz, ministar za strate\u0161ka pitanja Ron Dermer i na\u010delnik Direktorata za operacije IDF-a general-major Itzik Cohen.<\/p>\n\n\n\n<p>Ono \u0161to je zna\u010dajno za ista\u0107i jeste da sastanku nisu prisustvovali ministar nacionalne sigurnosti Itamar Ben Gvir i ministar finansija Bezalel Smotrich koji su vatreni zagovornici potpunog izaelskog preuzimanja Gaze.<\/p>\n\n\n\n<p>Trenutno sve prilike ukazuju da je izraelski vojno-polit\u010dki vrh odlu\u010dan pokrenuti \u0161iru invaziju Pojasa Gaze pri \u010demu trenutno izraelske snage kontroli\u0161u otprilike 75 posto teritorije u enklavi.<\/p>\n\n\n\n<p>S druge strane, svaka operacija riskira da bi Hamas mogao kao za odmazdu likvidirati preostale zarobljenike \u0161to je jedan od faktora koji trenutno ko\u010di izvo\u0111enje ofanzive.<\/p>","protected":false},"excerpt":{"rendered":"<p>Izraelski premijer Benjamin Netanjahu odr\u017eao je danas sastanak ratnog kabineta na kojem je odlu\u010deno da izraelska vojska pokrene operacije s ciljem zauzimanja cjelokupnog Pojasa Gaze.<\/p>","protected":false},"author":1,"featured_media":511467,"comment_status":"open","ping_status":"open","sticky":false,"template":"","format":"standard","meta":{"_acf_changed":false,"footnotes":"","jetpack_publicize_message":"","jetpack_publicize_feature_enabled":true,"jetpack_social_post_already_shared":false,"jetpack_social_options":{"image_generator_settings":{"template":"highway","default_image_id":0,"font":"","enabled":false},"version":2}},"categories":[14],"tags":[749,40,1161],"naslovna":[],"class_list":["post-807659","post","type-post","status-publish","format-standard","has-post-thumbnail","hentry","category-svijet","tag-benjamin-netanjahu","tag-izrael","tag-pojas-gaze"],"acf":[],"jetpack_publicize_connections":[],"_links":{"self":[{"href":"https:\/\/gradski.me\/en\/wp-json\/wp\/v2\/posts\/807659","targetHints":{"allow":["GET"]}}],"collection":[{"href":"https:\/\/gradski.me\/en\/wp-json\/wp\/v2\/posts"}],"about":[{"href":"https:\/\/gradski.me\/en\/wp-json\/wp\/v2\/types\/post"}],"author":[{"embeddable":true,"href":"https:\/\/gradski.me\/en\/wp-json\/wp\/v2\/users\/1"}],"replies":[{"embeddable":true,"href":"https:\/\/gradski.me\/en\/wp-json\/wp\/v2\/comments?post=807659"}],"version-history":[{"count":0,"href":"https:\/\/gradski.me\/en\/wp-json\/wp\/v2\/posts\/807659\/revisions"}],"wp:featuredmedia":[{"embeddable":true,"href":"https:\/\/gradski.me\/en\/wp-json\/wp\/v2\/media\/511467"}],"wp:attachment":[{"href":"https:\/\/gradski.me\/en\/wp-json\/wp\/v2\/media?parent=807659"}],"wp:term":[{"taxonomy":"category","embeddable":true,"href":"https:\/\/gradski.me\/en\/wp-json\/wp\/v2\/categories?post=807659"},{"taxonomy":"post_tag","embeddable":true,"href":"https:\/\/gradski.me\/en\/wp-json\/wp\/v2\/tags?post=807659"},{"taxonomy":"naslovna","embeddable":true,"href":"https:\/\/gradski.me\/en\/wp-json\/wp\/v2\/naslovna?post=807659"}],"curies":[{"name":"wp","href":"https:\/\/api.w.org\/{rel}","templated":true}]}}