{"id":806791,"date":"2025-08-04T17:24:20","date_gmt":"2025-08-04T15:24:20","guid":{"rendered":"https:\/\/gradski.me\/?p=806791"},"modified":"2025-08-04T17:24:20","modified_gmt":"2025-08-04T15:24:20","slug":"svjedoci-pucnjave-u-kojoj-je-ranjeno-sest-osoba-lakusic-se-osvetio-jer-je-zbog-sortsa-vracen-iz-lokala","status":"publish","type":"post","link":"https:\/\/gradski.me\/en\/hronika\/svjedoci-pucnjave-u-kojoj-je-ranjeno-sest-osoba-lakusic-se-osvetio-jer-je-zbog-sortsa-vracen-iz-lokala\/","title":{"rendered":"Svjedoci pucnjave u kojoj je ranjeno \u0161est osoba: Laku\u0161i\u0107 se osvetio jer je zbog \u0161ortsa vra\u0107en iz lokala?"},"content":{"rendered":"<p>Ispri\u010dali su da je Laku\u0161i\u0107 no\u0107 prije sporne pucnjave dolazio u lokal u kojem je ranio \u0161est osoba. Navodno, tada su ga zaposleni vratili jer je bio u \u0161ortsu za kupanje, zbog \u010dega je do\u0161lo do verbalnog, a onda i fizi\u010dkog obra\u010duna. Zbog tog sukoba bili su u policiji, a prema rije\u010dima nekih svjedoka, Laku\u0161i\u0107 je na dru\u0161tvenoj mre\u017ei Instagram najavio osvetu.<\/p>\n\n\n\n<p>Od \u0161est ranjenih, najte\u017ee povrede zadobio je D.F. koji je povremeno radio kao pomo\u0107 obezbje\u0111enju. On je ispri\u010dao da je u no\u0107i izme\u0111u 7. i 8. juna bio gost u lokalu ispred kojeg je narednu no\u0107 do\u0161lo do pucnjave.<\/p>\n\n\n\n<p>\u2013 Bilo je negdje oko pola sata nakon pono\u0107i. U tom trenutku nalazio sam se za stolom kod ulaznih vrata, gdje ina\u010de stojim kada sam u tom lokalu. Tada je lice, za koje sam kasnije saznao da se zove Laku\u0161i\u0107 Mihailo, po\u010delo neku prepirku s mojim drugom. Ta prepirka postajala je sve \u017eustrija, ja sam potom ustao kako bih vidio o \u010demu se radi \u2013 ispri\u010dao je svjedok.<\/p>\n\n\n\n<p>Ostaje u pritvoru<\/p>\n\n\n\n<p>Osumnji\u010deni mladi\u0107 nakon hap\u0161enja u tu\u017eila\u0161tvu, nije mogao da iznosi odbranu. Rekao je da je u \u0161oku zbog svega \u0161to se izde\u0161avalo, kako te, tako i prethodnih no\u0107i. Njemu je pritvor odre\u0111en zbog opasnosti od bjekstva, uticaja na svjedoke i na\u010dina na koji je izvr\u0161eno krivi\u010dno djelo. Na odluku o produ\u017eenju pritvora \u017ealio se njegov branilac, ali je Apelacioni sud odbacio \u017ealbu i potvrdio odluku Vi\u0161eg suda u Podgorici.<\/p>\n\n\n\n<p>Tokom istrage saslu\u0161ano je jo\u0161 nekoliko osoba koje su potvrdile da je sporne no\u0107i iznenada do\u0161lo do pucnjave. Kazali su i da ne poznaju napada\u010da, neki od njih ga nijesu ni vidjeli dok je pucao. Kako su po\u010deli da bje\u017ee, \u0161est gostiju lokala osjetilo je da su zadobili povrede od ispaljenih hitaca.<\/p>\n\n\n\n<p>Ka\u017ee da je \u010duo kako Laku\u0161i\u0107 njegovog druga zove da se tuku i to nekoliko puta. Navodno, on mu je odgovarao da ne \u017eeli, a u jednom momentu mu je ipak rekao da idu u park. Tada je do\u0161lo do guranja izme\u0111u njih dvojice. D.F. tvrdi da je tada Laku\u0161i\u0107 poku\u0161ao njega da udari. Osumnji\u010deni mladi\u0107 je bio u dru\u0161tvu s jo\u0161 dva momka. Ubrzo nakon toga je do\u0161la policija koja je privela Laku\u0161i\u0107a, a oni su bili pozvani da do\u0111u u policiju kako bi dali izjavu. D.F. je rekao da mu je u toku dana na dru\u0161tvenoj mre\u017ei Instagram Laku\u0161i\u0107 Mihailo poslao poruku i da on na tu poruku nije odgovorio.<\/p>\n\n\n\n<p>\u2013 Sporne ve\u010deri, negdje oko pono\u0107i, ispred lokala je do\u0161ao Laku\u0161i\u0107, na sebi je imao crnu odje\u0107u, a na glavi ka\u010dket. Kada je pri\u0161ao, izvadio je pi\u0161tolj, repetirao ga i uperio ga direktno u mom pravcu \u2013 kazao je D.F.<\/p>\n\n\n\n<p>Pojasnio je da je sko\u010dio sa stolice i po\u010deo da bje\u017ei, a Laku\u0161i\u0107 je po\u010deo da puca. Ka\u017ee da je osumnji\u010deni ispalio pet-\u0161est hitaca dok on nije u\u0161ao u lokal, gdje se zaklju\u010dao u toalet, a s njim je bilo vi\u0161e ljudi. U toaletu je vidio da je ranjen. Ka\u017ee da je i dalje \u010duo pucnje. Nakon oko 15-ak sekundi, neko je pokucao na vrata i rekao da je sve u redu, kada je on otklju\u010dao vrata i iza\u0161ao iz toaleta. Svjedok je naglasio da je prije nego je pobjegao u toalet, pao na koljena, a dok je bio u kle\u010de\u0107em polo\u017eaju Laku\u0161i\u0107 je nastavio da puca u njegovom pravcu.<\/p>\n\n\n\n<p>U svojstvu svjedoka saslu\u0161an je i vlasnik lokala koji je rekao da je prve ve\u010deri na ulazu u lokal vidio da je do\u0161lo do guranja Laku\u0161i\u0107a i drugih momaka, ali da je to kratko trajalo. Sjutradan, osumnji\u010deni mu je poslao poruku na Instagramu: &#8222;\u0160ta ima brate?&#8220; i da se kod D.F. i drugih raspitao \u0161ta se desilo prethodne no\u0107i. Rekli su mu da je Laku\u0161i\u0107 poku\u0161ao da u \u0161ortsu za kupanje u\u0111e u lokal, \u0161to su mu oni zabranili i zamolili ga da se vrati kada se presvu\u010de. Tada su mu rekli i da im je prijetio da \u0107e ih sve pobiti. Rekao je kako mu je menad\u017eer lokala pokazao objave Laku\u0161i\u0107a na Instagamu, koje su shvatili kao mogu\u0107u prijetnju. Vlasnik lokala ka\u017ee da je tada odgovorio osumnji\u010denom na poruku, ali on mu vi\u0161e ni\u0161ta nije slao, ve\u0107 ga je blokirao.<\/p>","protected":false},"excerpt":{"rendered":"<p>Svjedoci pucnjave u kojoj je, prema sumnjama istra\u017eitelja, Mihailo Laku\u0161i\u0107 ranio \u0161est osoba, saslu\u0161ani su u Vi\u0161em dr\u017eavnom tu\u017eila\u0161tvu u Podgorici, pi\u0161e Dan.<\/p>","protected":false},"author":13,"featured_media":769416,"comment_status":"open","ping_status":"open","sticky":false,"template":"","format":"standard","meta":{"_acf_changed":false,"footnotes":"","jetpack_publicize_message":"","jetpack_publicize_feature_enabled":true,"jetpack_social_post_already_shared":false,"jetpack_social_options":{"image_generator_settings":{"template":"highway","default_image_id":0,"font":"","enabled":false},"version":2}},"categories":[10],"tags":[877,878,879],"naslovna":[],"class_list":["post-806791","post","type-post","status-publish","format-standard","has-post-thumbnail","hentry","category-hronika","tag-mihailo-lakusic","tag-pucnjava","tag-svjedoci"],"acf":[],"jetpack_publicize_connections":[],"_links":{"self":[{"href":"https:\/\/gradski.me\/en\/wp-json\/wp\/v2\/posts\/806791","targetHints":{"allow":["GET"]}}],"collection":[{"href":"https:\/\/gradski.me\/en\/wp-json\/wp\/v2\/posts"}],"about":[{"href":"https:\/\/gradski.me\/en\/wp-json\/wp\/v2\/types\/post"}],"author":[{"embeddable":true,"href":"https:\/\/gradski.me\/en\/wp-json\/wp\/v2\/users\/13"}],"replies":[{"embeddable":true,"href":"https:\/\/gradski.me\/en\/wp-json\/wp\/v2\/comments?post=806791"}],"version-history":[{"count":0,"href":"https:\/\/gradski.me\/en\/wp-json\/wp\/v2\/posts\/806791\/revisions"}],"wp:featuredmedia":[{"embeddable":true,"href":"https:\/\/gradski.me\/en\/wp-json\/wp\/v2\/media\/769416"}],"wp:attachment":[{"href":"https:\/\/gradski.me\/en\/wp-json\/wp\/v2\/media?parent=806791"}],"wp:term":[{"taxonomy":"category","embeddable":true,"href":"https:\/\/gradski.me\/en\/wp-json\/wp\/v2\/categories?post=806791"},{"taxonomy":"post_tag","embeddable":true,"href":"https:\/\/gradski.me\/en\/wp-json\/wp\/v2\/tags?post=806791"},{"taxonomy":"naslovna","embeddable":true,"href":"https:\/\/gradski.me\/en\/wp-json\/wp\/v2\/naslovna?post=806791"}],"curies":[{"name":"wp","href":"https:\/\/api.w.org\/{rel}","templated":true}]}}