{"id":806699,"date":"2025-08-04T15:10:00","date_gmt":"2025-08-04T13:10:00","guid":{"rendered":"https:\/\/gradski.me\/?p=806699"},"modified":"2025-08-04T15:10:00","modified_gmt":"2025-08-04T13:10:00","slug":"pocela-tradicionalna-kampanja-pivare-trebjesa-i-uprave-policije-kad-pijem-ne-vozim","status":"publish","type":"post","link":"https:\/\/gradski.me\/en\/drustvo\/pocela-tradicionalna-kampanja-pivare-trebjesa-i-uprave-policije-kad-pijem-ne-vozim\/","title":{"rendered":"Po\u010dela tradicionalna kampanja Pivare \u201cTrebjesa\u201d i Uprave policije: \u201eKad pijem \u2013 ne vozim!\u201c"},"content":{"rendered":"<p><\/p>\n\n\n\n<p><\/p>\n\n\n\n<p>Kako je saop\u0161teno iz policije, fokus kampanje \u0107e biti na va\u017enosti kontinuirane prevencije i edukacije kao klju\u010dnih alata za unapre\u0111enje bezbjednosti u saobra\u0107aju, sa posebnim akcentom na mlade voza\u010de, i podsje\u0107anje iskusnijim voza\u010dima da neodgovorno pona\u0161anje za volanom ne ugro\u017eava samo \u017eivot voza\u010da, ve\u0107 i svih ostalih u\u010desnika u saobra\u0107aju.<\/p>\n\n\n\n<p>Prema rije\u010dima <strong>Natalije \u0110ordan<\/strong>, menad\u017eerke korporativnih komunikacija Pivare \u201eTrebjesa\u201c, kampanja \u0107e pored aktivnosti na terenu, sadr\u017eati i osna\u017eene poruke i osvje\u017eeni vizuelni identitet sa ciljem da se na kreativan, ali jasan na\u010din istakne va\u017enost odgovornog pona\u0161anja za volanom.<\/p>\n\n\n\n<p>Pivara \u201eTrebjesa\u201c \u0107e i ove godine podr\u017eati Upravu policije donacijom tri savremena alkometra, kako bi se dodatno unaprijedila opremljenost na terenu. Uz to, planirana je distribucija promotivnih materijala sa porukama kampanje, kao podsjetnik u\u010desnicima u saobra\u0107aju na odgovornost.<\/p>\n\n\n\n<p>\u201eZa sve voza\u010de, a naro\u010dito mlade je bitno da razumiju koliko je svaka odluka za volanom va\u017ena i nikako ne okrenu klju\u010d ako su konzumirali alkohol. Zato smo ove godine kampanju nadogradili, i sadr\u017eajno i vizuelno, kako bismo na kreativan, ali efektan na\u010din istakli klju\u010dnu poruku da alkohol i volan nikada ne idu zajedno\u201c, kazala je Natalija \u0110ordan, menad\u017eerka korporativnih komunikacija Pivare \u201eTrebjesa\u201c.<\/p>\n\n\n\n<figure class=\"wp-block-image size-large\"><img fetchpriority=\"high\" decoding=\"async\" width=\"1024\" height=\"593\" src=\"https:\/\/new.gradski.me\/wp-content\/uploads\/2025\/08\/kad-pijem-ne-vozim-kampanja-foto-up-1024x593.jpg\" alt=\"\" class=\"wp-image-806707\" title=\"\" srcset=\"https:\/\/gradski.me\/wp-content\/uploads\/2025\/08\/kad-pijem-ne-vozim-kampanja-foto-up-1024x593.jpg 1024w, https:\/\/gradski.me\/wp-content\/uploads\/2025\/08\/kad-pijem-ne-vozim-kampanja-foto-up-300x174.jpg 300w, https:\/\/gradski.me\/wp-content\/uploads\/2025\/08\/kad-pijem-ne-vozim-kampanja-foto-up-768x445.jpg 768w, https:\/\/gradski.me\/wp-content\/uploads\/2025\/08\/kad-pijem-ne-vozim-kampanja-foto-up.jpg 1161w\" sizes=\"(max-width: 1024px) 100vw, 1024px\" \/><\/figure>\n\n\n\n<p>Kao i prethodnih godina, kampanja \u0107e biti prisutna kroz razne komunikacione kanale, a poseban fokus bi\u0107e na digitalnim platformama, kako bi poruke stigle direktno do mla\u0111e populacije.<\/p>\n\n\n\n<p>\u201eTako\u0111e, i ove godine bi\u0107emo prisutni na Lake festu, ne samo na na\u010din \u0161to \u0107emo subvencionisati cijene karata za organizovani prevoz do i sa festivala, ve\u0107 \u0107emo zajedno sa Upravom policije preventivno djelovati na terenu i edukovati posjetioce da ne sjedaju za volan ukoliko su konzumirali alkohol. Vjerujemo da je direktan kontakt sa voza\u010dima va\u017ean \u010dinilac u efektima ove kampanje, zato je doprinos Uprave policije ogroman ve\u0107 punih 17 godina\u201d, poru\u010dila je \u0110ordan.<\/p>\n\n\n\n<p>\u201eZakon o bezbjednosti saobra\u0107aja na putevima predvi\u0111a sankcije za upravljanje vozilom pod dejstvom alkohola u organizmu, a to su: zatvorska kazna u trajanju od 15 do 60 dana \u2013 ukoliko je koncentracija alkohola u organizmu preko 2 promila, ili nov\u010dana kazna u iznosu od 300 do 1.000 eura, ukoliko je koncentracija alkohola u organizmu preko 1 promila, \u0161to je dovoljan razlog da svi u\u010desnici u saobra\u0107aju shvate da volan, odnosno upravljanje vozilom i alkohol ne idu zajedno\u201c poru\u010dio je na\u010delnik Odsjeka za bezbjednost drumskog saobra\u0107aja u Upravi policije <strong>Ilija Janju\u0161evi\u0107<\/strong>.<\/p>\n\n\n\n<p>\u201eJako je bitno ista\u0107i da, u slu\u010daju izazivanja saobra\u0107ajne nezgode, u\u010desnici u saobra\u0107aju moraju sami nadoknaditi \u0161tetu drugom u\u010desniku u saobra\u0107aju, jer osiguranje ne pokriva \u0161tetu ukoliko je voza\u010d bio pod dejstvom alkohola\u201c, dodao je Janju\u0161evi\u0107 i ukazao da vo\u017enja pod dejstvom alkohola pove\u0107ava vjerovatno\u0107u za izazivanje saobra\u0107ajne nezgode.<\/p>\n\n\n\n<p>U sklopu ove kampanje, Pivara \u201eTrebjesa\u201c je donirala Upravi policije tri savremena ure\u0111aja marke Dr\u00e4ger za alkotestiranje voza\u010da, \u0161to \u0107e doprinijeti da se na kvalitetniji na\u010din vr\u0161i kontrola u\u010desnika u saobra\u0107aju, a samim tim i doprinese pobolj\u0161anju bezbjednosti svih u\u010desnika u saobra\u0107aju.<\/p>\n\n\n\n<p>Janju\u0161evi\u0107 je zahvalio Pivari \u201eTrebjesa\u201c kao dru\u0161tveno odgovornoj kompaniji koja je shvatila zna\u010daj zajedni\u010dkih aktivnosti, uz o\u010dekivanje da \u0107e se sinergi\u010dnim djelovanjem razviti ve\u0107i nivo odgovornosti kod u\u010desnika u saobra\u0107aju, a samim tim pobolj\u0161ati sveukupno stanje bezbjednosti.<\/p>\n\n\n\n<p>Uprava policije i Pivara \u201eTrebjesa\u201c pozivaju sve gra\u0111ane da podr\u017ee kampanju i da li\u010dnim primjerom doprinesu stvaranju bezbjednijeg saobra\u0107ajnog okru\u017eenja.<\/p>","protected":false},"excerpt":{"rendered":"<p>Kampanja \u201eKad pijem ne vozim\u201c, koju kompanija Pivara \u201eTrebjesa\u201c i Uprava policije ve\u0107 17 godina zajedni\u010dki sprovode sa ciljem podizanja svijesti o rizicima vo\u017enje pod dejstvom alkohola, po\u010dela je danas i traja\u0107e do 16. septembra.<\/p>","protected":false},"author":8,"featured_media":806700,"comment_status":"open","ping_status":"open","sticky":false,"template":"","format":"standard","meta":{"_acf_changed":false,"footnotes":"","jetpack_publicize_message":"","jetpack_publicize_feature_enabled":true,"jetpack_social_post_already_shared":false,"jetpack_social_options":{"image_generator_settings":{"template":"highway","default_image_id":0,"font":"","enabled":false},"version":2}},"categories":[9],"tags":[842,843,844,845,109],"naslovna":[],"class_list":["post-806699","post","type-post","status-publish","format-standard","has-post-thumbnail","hentry","category-drustvo","tag-ilija-janjusevic","tag-kampanja-kad-pijem-ne-vozim","tag-mup","tag-natalija-djordan","tag-uprava-policije"],"acf":[],"jetpack_publicize_connections":[],"_links":{"self":[{"href":"https:\/\/gradski.me\/en\/wp-json\/wp\/v2\/posts\/806699","targetHints":{"allow":["GET"]}}],"collection":[{"href":"https:\/\/gradski.me\/en\/wp-json\/wp\/v2\/posts"}],"about":[{"href":"https:\/\/gradski.me\/en\/wp-json\/wp\/v2\/types\/post"}],"author":[{"embeddable":true,"href":"https:\/\/gradski.me\/en\/wp-json\/wp\/v2\/users\/8"}],"replies":[{"embeddable":true,"href":"https:\/\/gradski.me\/en\/wp-json\/wp\/v2\/comments?post=806699"}],"version-history":[{"count":0,"href":"https:\/\/gradski.me\/en\/wp-json\/wp\/v2\/posts\/806699\/revisions"}],"wp:featuredmedia":[{"embeddable":true,"href":"https:\/\/gradski.me\/en\/wp-json\/wp\/v2\/media\/806700"}],"wp:attachment":[{"href":"https:\/\/gradski.me\/en\/wp-json\/wp\/v2\/media?parent=806699"}],"wp:term":[{"taxonomy":"category","embeddable":true,"href":"https:\/\/gradski.me\/en\/wp-json\/wp\/v2\/categories?post=806699"},{"taxonomy":"post_tag","embeddable":true,"href":"https:\/\/gradski.me\/en\/wp-json\/wp\/v2\/tags?post=806699"},{"taxonomy":"naslovna","embeddable":true,"href":"https:\/\/gradski.me\/en\/wp-json\/wp\/v2\/naslovna?post=806699"}],"curies":[{"name":"wp","href":"https:\/\/api.w.org\/{rel}","templated":true}]}}