{"id":806644,"date":"2025-08-04T14:19:00","date_gmt":"2025-08-04T12:19:00","guid":{"rendered":"https:\/\/gradski.me\/?p=806644"},"modified":"2025-08-04T14:19:00","modified_gmt":"2025-08-04T12:19:00","slug":"zenski-klub-scg-jasno-i-odlucno-dizemo-glas-protiv-govora-mrznje-ka-bilo-kojoj-zeni","status":"publish","type":"post","link":"https:\/\/gradski.me\/en\/drustvo\/zenski-klub-scg-jasno-i-odlucno-dizemo-glas-protiv-govora-mrznje-ka-bilo-kojoj-zeni\/","title":{"rendered":"\u017denski klub Skup\u0161tine: Jasno i odlu\u010dno di\u017eemo glas protiv govora mr\u017enje ka bilo kojoj \u017eeni"},"content":{"rendered":"<p><br>&#8222;Kao \u017denski klub, jasno i odlu\u010dno di\u017eemo glas protiv govora mr\u017enje usmjerenog ka bilo kojoj \u017eeni. Vjerujemo da ovakvi negativni obrasci pona\u0161anja moraju biti sistemski prepoznati i odlu\u010dno iskorijenjeni&#8220;, navodi se u saop\u0161tenju.<br><br>Prema njihovim rije\u010dima, poslednji u nizu ovakvih napada usmjeren je na ministarku turizma, gospo\u0111u Simonidu Kordi\u0107, &#8222;koja je putem dru\u0161tvenih mre\u017ea izlo\u017eena brutalnim, vulgarno intoniranim i verbalno agresivnim napadima od strane pojedinaca&#8220;.<br><br>&#8222;Ovakvi ispadi ne predstavljaju samo napad na li\u010dnost ministarke Kordi\u0107, ve\u0107 i na institucije dr\u017eave Crne Gore, kao i na temeljne dru\u0161tvene vrijednosti koje treba da po\u010divaju na uzajamnom po\u0161tovanju, kulturi dijaloga i za\u0161titi dostojanstva svakog gra\u0111anina. Ne smijemo dozvoliti da bilo koja \u017eena u Crnoj Gori bude izlo\u017eena nasilju, uvredama ili prijetnjama&#8220;, stoji u saop\u0161tenju.<br><br>Pozivali su Upravu policije i nadle\u017eno Tu\u017eila\u0161tvo da reaguju.<\/p>\n\n\n\n<p>&#8222;Bez odlaganja identifikuju i procesuiraju lica odgovorna za ove sramotne napade. Nedopustivo je da se ovakvo pona\u0161anje toleri\u0161e i da bilo koja \u017eena u Crnoj Gori bude izlo\u017eena nasilju, uvredama i prijetnjama, samo zato \u0161to vr\u0161i javnu funkciju&#8220;, ka\u017eu iz \u017denskog kluba.<\/p>\n\n\n\n<p>Dodaju da o\u010dekuju od nadle\u017enih institucija da hitno preduzmu sve neophodne mjere. <\/p>\n\n\n\n<p>&#8222;Kako bi po\u010dinioci bili adekvatno sankcionisani, a javnosti poslata jasna poruka: u Crnoj Gori nema mjesta za nasilje, uvrede i degradaciju \u017eenskog dostojanstva&#8220;, zaklju\u010duje se u saop\u0161tenju.<\/p>","protected":false},"excerpt":{"rendered":"<p>Mi, \u010dlanice \u017denskog kluba Skup\u0161tine Crne Gore, najo\u0161trije osu\u0111ujemo svaki oblik vrije\u0111anja i omalova\u017eavanja \u017eena, na\u0161ih koleginica, koje obavljaju javne funkcije u Crnoj Gori, saop\u0161teno je iz tog kluba.<\/p>","protected":false},"author":4,"featured_media":740290,"comment_status":"open","ping_status":"open","sticky":false,"template":"","format":"standard","meta":{"_acf_changed":false,"footnotes":"","jetpack_publicize_message":"","jetpack_publicize_feature_enabled":true,"jetpack_social_post_already_shared":false,"jetpack_social_options":{"image_generator_settings":{"template":"highway","default_image_id":0,"font":"","enabled":false},"version":2}},"categories":[9],"tags":[827,828,829],"naslovna":[],"class_list":["post-806644","post","type-post","status-publish","format-standard","has-post-thumbnail","hentry","category-drustvo","tag-procesuiranje","tag-reagovanje","tag-zenski-klub"],"acf":[],"jetpack_publicize_connections":[],"_links":{"self":[{"href":"https:\/\/gradski.me\/en\/wp-json\/wp\/v2\/posts\/806644","targetHints":{"allow":["GET"]}}],"collection":[{"href":"https:\/\/gradski.me\/en\/wp-json\/wp\/v2\/posts"}],"about":[{"href":"https:\/\/gradski.me\/en\/wp-json\/wp\/v2\/types\/post"}],"author":[{"embeddable":true,"href":"https:\/\/gradski.me\/en\/wp-json\/wp\/v2\/users\/4"}],"replies":[{"embeddable":true,"href":"https:\/\/gradski.me\/en\/wp-json\/wp\/v2\/comments?post=806644"}],"version-history":[{"count":0,"href":"https:\/\/gradski.me\/en\/wp-json\/wp\/v2\/posts\/806644\/revisions"}],"wp:featuredmedia":[{"embeddable":true,"href":"https:\/\/gradski.me\/en\/wp-json\/wp\/v2\/media\/740290"}],"wp:attachment":[{"href":"https:\/\/gradski.me\/en\/wp-json\/wp\/v2\/media?parent=806644"}],"wp:term":[{"taxonomy":"category","embeddable":true,"href":"https:\/\/gradski.me\/en\/wp-json\/wp\/v2\/categories?post=806644"},{"taxonomy":"post_tag","embeddable":true,"href":"https:\/\/gradski.me\/en\/wp-json\/wp\/v2\/tags?post=806644"},{"taxonomy":"naslovna","embeddable":true,"href":"https:\/\/gradski.me\/en\/wp-json\/wp\/v2\/naslovna?post=806644"}],"curies":[{"name":"wp","href":"https:\/\/api.w.org\/{rel}","templated":true}]}}