{"id":806351,"date":"2025-08-03T22:22:00","date_gmt":"2025-08-03T20:22:00","guid":{"rendered":"https:\/\/gradski.me\/?p=806351"},"modified":"2025-08-03T22:22:00","modified_gmt":"2025-08-03T20:22:00","slug":"netanjahu-crvenom-krstu-pomozite-nasim-taocima","status":"publish","type":"post","link":"https:\/\/gradski.me\/en\/svijet\/netanjahu-crvenom-krstu-pomozite-nasim-taocima\/","title":{"rendered":"Netanjahu Crvenom krstu: Pomozite na\u0161im taocima"},"content":{"rendered":"<p><\/p>\n\n\n\n<h3 class=\"wp-block-heading\">Optu\u017ebe za sistemsku glad talaca<\/h3>\n\n\n\n<p>&#8222;La\u017e Hamasa o gladi odjekuje \u0161irom svijeta, dok pravu, sistemsku glad, kao i brutalno fizi\u010dko i psihi\u010dko zlostavljanje trpe na\u0161i taoci&#8220;, rekao je Netanjahu zvani\u010dniku Crvenog krsta.<\/p>\n\n\n\n<p>&#8222;Svijet ne mo\u017ee stajati po strani pred \u0161okantnim prizorima koji podsje\u0107aju na nacisti\u010dke zlo\u010dine&#8220;, dodao je izraelski premijer.<\/p>\n\n\n\n<p>Prema navodima izraelskih vlasti, u Gazi je jo\u0161 uvijek 50 talaca, a vjeruje se da ih je \u017eivo samo 20.<\/p>\n\n\n\n<h3 class=\"wp-block-heading\">Uznemiruju\u0107i video s izraelskim taocem<\/h3>\n\n\n\n<p>U subotu je Hamas&nbsp;<a href=\"https:\/\/www.index.hr\/vijesti\/clanak\/video-hamas-objavio-snimke-izgladnjelog-izraelskog-taoca-kako-kopa-vlastiti-grob\/2696218.aspx\" target=\"_blank\" rel=\"noreferrer noopener\">objavio drugi video u dva dana s izraelskim taocem Evyatarom Davidom<\/a>.<\/p>\n\n\n\n<p>Na snimku David, koji je mr\u0161av kao kostur, kopa rupu za koju, kako ka\u017ee u videu, vjeruje da je njegov vlastiti grob.<\/p>","protected":false},"excerpt":{"rendered":"<p>Izraelski premijer Benjamin Netanjahu izjavio je da je razgovarao s D\u017eulijenom Lerisonom, regionalnim \u010delnikom Me\u0111unarodnog Crvenog krsta, i zatra\u017eio njegov anga\u017eman u dostavi hrane i medicinske pomo\u0107i izraelskim taocima u Gazi.<\/p>","protected":false},"author":14,"featured_media":806352,"comment_status":"open","ping_status":"open","sticky":false,"template":"","format":"standard","meta":{"_acf_changed":false,"footnotes":"","jetpack_publicize_message":"","jetpack_publicize_feature_enabled":true,"jetpack_social_post_already_shared":false,"jetpack_social_options":{"image_generator_settings":{"template":"highway","default_image_id":0,"font":"","enabled":false},"version":2}},"categories":[14],"tags":[749,750,751],"naslovna":[],"class_list":["post-806351","post","type-post","status-publish","format-standard","has-post-thumbnail","hentry","category-svijet","tag-benjamin-netanjahu","tag-crveni-krst","tag-taoci"],"acf":[],"jetpack_publicize_connections":[],"_links":{"self":[{"href":"https:\/\/gradski.me\/en\/wp-json\/wp\/v2\/posts\/806351","targetHints":{"allow":["GET"]}}],"collection":[{"href":"https:\/\/gradski.me\/en\/wp-json\/wp\/v2\/posts"}],"about":[{"href":"https:\/\/gradski.me\/en\/wp-json\/wp\/v2\/types\/post"}],"author":[{"embeddable":true,"href":"https:\/\/gradski.me\/en\/wp-json\/wp\/v2\/users\/14"}],"replies":[{"embeddable":true,"href":"https:\/\/gradski.me\/en\/wp-json\/wp\/v2\/comments?post=806351"}],"version-history":[{"count":0,"href":"https:\/\/gradski.me\/en\/wp-json\/wp\/v2\/posts\/806351\/revisions"}],"wp:featuredmedia":[{"embeddable":true,"href":"https:\/\/gradski.me\/en\/wp-json\/wp\/v2\/media\/806352"}],"wp:attachment":[{"href":"https:\/\/gradski.me\/en\/wp-json\/wp\/v2\/media?parent=806351"}],"wp:term":[{"taxonomy":"category","embeddable":true,"href":"https:\/\/gradski.me\/en\/wp-json\/wp\/v2\/categories?post=806351"},{"taxonomy":"post_tag","embeddable":true,"href":"https:\/\/gradski.me\/en\/wp-json\/wp\/v2\/tags?post=806351"},{"taxonomy":"naslovna","embeddable":true,"href":"https:\/\/gradski.me\/en\/wp-json\/wp\/v2\/naslovna?post=806351"}],"curies":[{"name":"wp","href":"https:\/\/api.w.org\/{rel}","templated":true}]}}