{"id":806234,"date":"2025-08-03T18:12:00","date_gmt":"2025-08-03T16:12:00","guid":{"rendered":"https:\/\/gradski.me\/?p=806234"},"modified":"2025-08-03T18:12:00","modified_gmt":"2025-08-03T16:12:00","slug":"f1-noris-najbolji-u-madjarskoj-pjastri-i-rasel-na-podijumu","status":"publish","type":"post","link":"https:\/\/gradski.me\/en\/sport\/f1-noris-najbolji-u-madjarskoj-pjastri-i-rasel-na-podijumu\/","title":{"rendered":"F1: Noris najbolji u Ma\u0111arskoj, Pjastri i Rasel na podijumu"},"content":{"rendered":"<p>Na stazi Hungaroring slavio je ispred timskog kolege Oskara Pjastrija nakon dramati\u010dne zavr\u0161nice.<\/p>\n\n\n\n<p>Voza\u010d Meklarena nadoknadio je lo\u0161 start, a pobjedom je smanjio zaostatak za Australijancem u generalnom plasmanu na svega devet bodova (Pjastri 284, Noris 275). <\/p>\n\n\n\n<p>Tre\u0107e mjesto pripalo je D\u017eord\u017eu Raselu iz Mercedesa, dok su me\u0111u deset najboljih zavr\u0161ili jo\u0161 i \u0160arl Lekler (Ferrari), Fernando Alonso (Aston Martin), Gabrijel Bortoleto (Zauber), Lens Strol (Aston Martin), Lijam Loson (Rejsing Buls), Maks Ferstapen (Red Bul) i Kimi Antoneli (Mercedes). <\/p>\n\n\n\n<figure class=\"wp-block-embed is-type-rich is-provider-twitter wp-block-embed-twitter\"><div class=\"wp-block-embed__wrapper\">\n<blockquote class=\"twitter-tweet\" data-width=\"550\" data-dnt=\"true\"><p lang=\"en\" dir=\"ltr\">Norris \u2694\ufe0f Piastri: How did they not collide?! \ud83d\ude31<a href=\"https:\/\/twitter.com\/hashtag\/F1?src=hash&amp;ref_src=twsrc%5Etfw\" target=\"_blank\" rel=\"noopener\">#F1<\/a> <a href=\"https:\/\/twitter.com\/hashtag\/HungarianGP?src=hash&amp;ref_src=twsrc%5Etfw\" target=\"_blank\" rel=\"noopener\">#HungarianGP<\/a> <a href=\"https:\/\/t.co\/Wu3LmlcOwP\">pic.twitter.com\/Wu3LmlcOwP<\/a><\/p>&mdash; Formula 1 (@F1) <a href=\"https:\/\/twitter.com\/F1\/status\/1952023074284404887?ref_src=twsrc%5Etfw\" target=\"_blank\" rel=\"noopener\">August 3, 2025<\/a><\/blockquote><script async src=\"https:\/\/platform.twitter.com\/widgets.js\" charset=\"utf-8\"><\/script>\n<\/div><\/figure>\n\n\n\n<p>U \u0161ampionatu sada slijedi pauza sve do 31. avgusta kada je na rasporedu trka za Veliku nagradu Holandije.<\/p>","protected":false},"excerpt":{"rendered":"<p>Voza\u010d Meklarena Lando Noris trijumfovao je na Velikoj nagradi Ma\u0111arske, 14. trci ovogodi\u0161nje sezone Formule 1.<\/p>","protected":false},"author":6,"featured_media":806238,"comment_status":"open","ping_status":"open","sticky":false,"template":"","format":"standard","meta":{"_acf_changed":false,"footnotes":"","jetpack_publicize_message":"","jetpack_publicize_feature_enabled":true,"jetpack_social_post_already_shared":false,"jetpack_social_options":{"image_generator_settings":{"template":"highway","default_image_id":0,"font":"","enabled":false},"version":2}},"categories":[15],"tags":[698,699,700],"naslovna":[],"class_list":["post-806234","post","type-post","status-publish","format-standard","has-post-thumbnail","hentry","category-sport","tag-formula-1","tag-lando-noris","tag-trka-za-veliku-nagradu-madjarske"],"acf":[],"jetpack_publicize_connections":[],"_links":{"self":[{"href":"https:\/\/gradski.me\/en\/wp-json\/wp\/v2\/posts\/806234","targetHints":{"allow":["GET"]}}],"collection":[{"href":"https:\/\/gradski.me\/en\/wp-json\/wp\/v2\/posts"}],"about":[{"href":"https:\/\/gradski.me\/en\/wp-json\/wp\/v2\/types\/post"}],"author":[{"embeddable":true,"href":"https:\/\/gradski.me\/en\/wp-json\/wp\/v2\/users\/6"}],"replies":[{"embeddable":true,"href":"https:\/\/gradski.me\/en\/wp-json\/wp\/v2\/comments?post=806234"}],"version-history":[{"count":0,"href":"https:\/\/gradski.me\/en\/wp-json\/wp\/v2\/posts\/806234\/revisions"}],"wp:featuredmedia":[{"embeddable":true,"href":"https:\/\/gradski.me\/en\/wp-json\/wp\/v2\/media\/806238"}],"wp:attachment":[{"href":"https:\/\/gradski.me\/en\/wp-json\/wp\/v2\/media?parent=806234"}],"wp:term":[{"taxonomy":"category","embeddable":true,"href":"https:\/\/gradski.me\/en\/wp-json\/wp\/v2\/categories?post=806234"},{"taxonomy":"post_tag","embeddable":true,"href":"https:\/\/gradski.me\/en\/wp-json\/wp\/v2\/tags?post=806234"},{"taxonomy":"naslovna","embeddable":true,"href":"https:\/\/gradski.me\/en\/wp-json\/wp\/v2\/naslovna?post=806234"}],"curies":[{"name":"wp","href":"https:\/\/api.w.org\/{rel}","templated":true}]}}