{"id":806100,"date":"2025-08-03T14:49:00","date_gmt":"2025-08-03T12:49:00","guid":{"rendered":"https:\/\/gradski.me\/?p=806100"},"modified":"2025-08-03T14:49:00","modified_gmt":"2025-08-03T12:49:00","slug":"niksic-ugostio-malisane-odrzan-cetvrti-festival-djecjeg-tenisa","status":"publish","type":"post","link":"https:\/\/gradski.me\/en\/sport\/niksic-ugostio-malisane-odrzan-cetvrti-festival-djecjeg-tenisa\/","title":{"rendered":"Nik\u0161i\u0107 ugostio mali\u0161ane: Odr\u017ean \u010detvrti Festival dje\u010djeg tenisa"},"content":{"rendered":"<p>Na festivalu je u\u010destvovalo pedeset dje\u010daka i djevoj\u010dica uzrasta od \u0161est do deset godina, koji su se nadmetali u okviru &#8222;crvenog&#8220; i &#8222;narand\u017eastog&#8220; turnira. <\/p>\n\n\n\n<p>Ideja ovog projekta kojeg Teniski savez Crne Gore sa uspjehom realizuje ve\u0107 \u010detvrtu godinu, je da se najmla\u0111em uzrastu prezentira tenis, kao i omasovljenje bijelog sporta. <\/p>\n\n\n\n<p>Veli\u010dina terena, du\u017eina reketa i loptice su prilago\u0111eni uzrastu djeteta, kao i format takmi\u010denja. <\/p>\n\n\n\n<p>Svi u\u010desnici su nagra\u0111eni medaljama i diplomama. <\/p>\n\n\n\n<p>Naredni Festival dje\u010djeg tenisa bi\u0107e odr\u017ean u Ulcinju, a doma\u0107in \u0107e biti Teniski klub Bellevue.<\/p>","protected":false},"excerpt":{"rendered":"<p>U subotu, drugog avgusta u Teniskom klubu Nik\u0161i\u0107 odr\u017ean je \u010detvrti po redu Festival dje\u010djeg tenisa u organizaciji Teniskog saveza Crne Gore. <\/p>","protected":false},"author":6,"featured_media":806108,"comment_status":"open","ping_status":"open","sticky":false,"template":"","format":"standard","meta":{"_acf_changed":false,"footnotes":"","jetpack_publicize_message":"","jetpack_publicize_feature_enabled":true,"jetpack_social_post_already_shared":false,"jetpack_social_options":{"image_generator_settings":{"template":"highway","default_image_id":0,"font":"","enabled":false},"version":2}},"categories":[15],"tags":[215,638,466],"naslovna":[],"class_list":["post-806100","post","type-post","status-publish","format-standard","has-post-thumbnail","hentry","category-sport","tag-tenis","tag-tk-niksic","tag-tscg"],"acf":[],"jetpack_publicize_connections":[],"_links":{"self":[{"href":"https:\/\/gradski.me\/en\/wp-json\/wp\/v2\/posts\/806100","targetHints":{"allow":["GET"]}}],"collection":[{"href":"https:\/\/gradski.me\/en\/wp-json\/wp\/v2\/posts"}],"about":[{"href":"https:\/\/gradski.me\/en\/wp-json\/wp\/v2\/types\/post"}],"author":[{"embeddable":true,"href":"https:\/\/gradski.me\/en\/wp-json\/wp\/v2\/users\/6"}],"replies":[{"embeddable":true,"href":"https:\/\/gradski.me\/en\/wp-json\/wp\/v2\/comments?post=806100"}],"version-history":[{"count":0,"href":"https:\/\/gradski.me\/en\/wp-json\/wp\/v2\/posts\/806100\/revisions"}],"wp:featuredmedia":[{"embeddable":true,"href":"https:\/\/gradski.me\/en\/wp-json\/wp\/v2\/media\/806108"}],"wp:attachment":[{"href":"https:\/\/gradski.me\/en\/wp-json\/wp\/v2\/media?parent=806100"}],"wp:term":[{"taxonomy":"category","embeddable":true,"href":"https:\/\/gradski.me\/en\/wp-json\/wp\/v2\/categories?post=806100"},{"taxonomy":"post_tag","embeddable":true,"href":"https:\/\/gradski.me\/en\/wp-json\/wp\/v2\/tags?post=806100"},{"taxonomy":"naslovna","embeddable":true,"href":"https:\/\/gradski.me\/en\/wp-json\/wp\/v2\/naslovna?post=806100"}],"curies":[{"name":"wp","href":"https:\/\/api.w.org\/{rel}","templated":true}]}}