{"id":805799,"date":"2025-08-02T19:09:24","date_gmt":"2025-08-02T17:09:24","guid":{"rendered":"https:\/\/gradski.me\/?p=805799"},"modified":"2025-08-02T19:09:24","modified_gmt":"2025-08-02T17:09:24","slug":"zvanicno-doncic-potpisao-trogodisnji-ugovor-sa-lejkersima","status":"publish","type":"post","link":"https:\/\/gradski.me\/en\/sport\/zvanicno-doncic-potpisao-trogodisnji-ugovor-sa-lejkersima\/","title":{"rendered":"Zvani\u010dno: Don\u010di\u0107 potpisao trogodi\u0161nji ugovor sa Lejkersima"},"content":{"rendered":"<p>&#8222;Uzbu\u0111en sam i radi\u0107u na tome da donosim titule u Los An\u0111eles i \u010dinim navija\u010de Lejkersa ponosnim\u201c, obe\u0107ao je 26-godi\u0161nji Don\u010di\u0107, pa dodao:<\/p>\n\n\n\n<p>&#8222;Zahvalan sam Lejkersima, saigra\u010dima i navija\u010dima koji su mi pru\u017eili ljubav od prvog dana. Ovo je samo po\u010detak&#8220;.<\/p>\n\n\n\n<p>Don\u010di\u0107 je odlu\u010dio da pet miliona dolara usmjeri na razvoj 77 sportista, simboli\u010dno po njegovom broju dresa, \u0161irom svijeta.<\/p>\n\n\n\n<figure class=\"wp-block-embed is-type-rich is-provider-twitter wp-block-embed-twitter\"><div class=\"wp-block-embed__wrapper\">\n<blockquote class=\"twitter-tweet\" data-width=\"550\" data-dnt=\"true\"><p lang=\"en\" dir=\"ltr\">Here to stay. <a href=\"https:\/\/t.co\/26H33Im8r4\">pic.twitter.com\/26H33Im8r4<\/a><\/p>&mdash; Los Angeles Lakers (@Lakers) <a href=\"https:\/\/twitter.com\/Lakers\/status\/1951693875049075072?ref_src=twsrc%5Etfw\" target=\"_blank\" rel=\"noopener\">August 2, 2025<\/a><\/blockquote><script async src=\"https:\/\/platform.twitter.com\/widgets.js\" charset=\"utf-8\"><\/script>\n<\/div><\/figure>\n\n\n\n<p>Ovaj potpis bio je o\u010dekivan, a Don\u010di\u0107 je do\u0161ao u SAD zbog sponzorskih obaveza, pa se o\u010dekivalo da \u0107e obaviti i produ\u017eenje saradnje sa Lejkersima.<\/p>\n\n\n\n<p>Don\u010di\u0107 se pohvalio i novom formom u razgovoru i foto sesiji za poznati \u010dasopis \u201eMen\u2019s Health\u201c, koji je napravio gre\u0161ku oko podatka za njegov odraz.<\/p>\n\n\n\n<p>Luka \u0107e na Eurobasketu da predvodi reprezentaciju Slovenije, za koju na raspolaganju ne\u0107e biti Vlatko \u010can\u010dar i D\u017eo\u0161 Nibo, a prije EP do\u0107i \u0107e u Beograd da odmjeri snage sa reprezentacijom Srbije u pripremnoj utakmici.<\/p>\n\n\n\n<p><\/p>","protected":false},"excerpt":{"rendered":"<p>Slovena\u010dki plejmejker Luka Don\u010di\u0107 potpisao je novi ugovor sa LA Lejkersima, sada na tri godine, a navodi se da bi ovim potpisom trebalo da zaradi 165 miliona dolara u tom razdoblju. <\/p>","protected":false},"author":6,"featured_media":805830,"comment_status":"open","ping_status":"open","sticky":false,"template":"","format":"standard","meta":{"_acf_changed":false,"footnotes":"","jetpack_publicize_message":"","jetpack_publicize_feature_enabled":true,"jetpack_social_post_already_shared":false,"jetpack_social_options":{"image_generator_settings":{"template":"highway","default_image_id":0,"font":"","enabled":false},"version":2}},"categories":[15],"tags":[521,522],"naslovna":[],"class_list":["post-805799","post","type-post","status-publish","format-standard","has-post-thumbnail","hentry","category-sport","tag-la-lajkers","tag-luka-doncic"],"acf":[],"jetpack_publicize_connections":[],"_links":{"self":[{"href":"https:\/\/gradski.me\/en\/wp-json\/wp\/v2\/posts\/805799","targetHints":{"allow":["GET"]}}],"collection":[{"href":"https:\/\/gradski.me\/en\/wp-json\/wp\/v2\/posts"}],"about":[{"href":"https:\/\/gradski.me\/en\/wp-json\/wp\/v2\/types\/post"}],"author":[{"embeddable":true,"href":"https:\/\/gradski.me\/en\/wp-json\/wp\/v2\/users\/6"}],"replies":[{"embeddable":true,"href":"https:\/\/gradski.me\/en\/wp-json\/wp\/v2\/comments?post=805799"}],"version-history":[{"count":0,"href":"https:\/\/gradski.me\/en\/wp-json\/wp\/v2\/posts\/805799\/revisions"}],"wp:featuredmedia":[{"embeddable":true,"href":"https:\/\/gradski.me\/en\/wp-json\/wp\/v2\/media\/805830"}],"wp:attachment":[{"href":"https:\/\/gradski.me\/en\/wp-json\/wp\/v2\/media?parent=805799"}],"wp:term":[{"taxonomy":"category","embeddable":true,"href":"https:\/\/gradski.me\/en\/wp-json\/wp\/v2\/categories?post=805799"},{"taxonomy":"post_tag","embeddable":true,"href":"https:\/\/gradski.me\/en\/wp-json\/wp\/v2\/tags?post=805799"},{"taxonomy":"naslovna","embeddable":true,"href":"https:\/\/gradski.me\/en\/wp-json\/wp\/v2\/naslovna?post=805799"}],"curies":[{"name":"wp","href":"https:\/\/api.w.org\/{rel}","templated":true}]}}