{"id":805560,"date":"2025-08-02T13:04:00","date_gmt":"2025-08-02T11:04:00","guid":{"rendered":"https:\/\/gradski.me\/?p=805560"},"modified":"2025-08-02T13:04:00","modified_gmt":"2025-08-02T11:04:00","slug":"otvoren-19-guitar-art-summer-fest-spanska-diva-luz-casal-priredila-senzacionalan-koncert-na-kanli-kuli","status":"publish","type":"post","link":"https:\/\/gradski.me\/en\/kultura\/otvoren-19-guitar-art-summer-fest-spanska-diva-luz-casal-priredila-senzacionalan-koncert-na-kanli-kuli\/","title":{"rendered":"Otvoren 19. Guitar Art Summer Fest: \u0160panska diva Luz Casal priredila senzacionalan koncert na Kanli kuli"},"content":{"rendered":"<p><\/p>\n\n\n\n<p>Pred prepunim gledali\u0161tem Casal je svojim pa\u017eljivo osmi\u0161ljenim repertoarom pokazala svoj rasko\u0161an talenat, te publiku odu\u0161evila hitovima kao \u0161to su Madrugadas, Historia de un Amor, Amado Mio&#8230; Sino\u0107nji koncert je jo\u0161 jednom potvrdio da muzika i emocije prevazilaze jezi\u010dke barijere.<\/p>\n\n\n\n<p>\u201ePripremili smo i repertoar koji podrazumijeva gitare i klavir i pjesme koje su klasi\u010dne, uo-bi\u010dajene za podneblje Francuske i \u0160panije \u2013 bolero. Iako bi mo\u017eda mogao da postoji problem u komunikaciji sa ovda\u0161njom publikom zbog jezika koji ne poznajem, muzika je univerzalna i uradi\u0107emo sve da se svi dobro provedu. Posebna mi je \u010dast \u0161to su me organizatori prepoznali kao dostojnu umjetnicu koja \u0107e otvoriti festival i na tome sam zahvalna\u201c, poru\u010dila je Casal na press konferenciji koja je prethodila nastupu.<\/p>\n\n\n\n<p>Prije samog koncerta brojnu publiku na Kanli kuli pozdravila je ministarka kulture i medija, dr Tamara Vujovi\u0107 koja je proglasila 19. Guitar Art Summer Fest otvorenim.<\/p>\n\n\n\n<p><img decoding=\"async\" width=\"100%\" src=\"https:\/\/rtcg.me\/upload\/\/media\/2025\/7\/2\/12\/46\/354\/2216215\/resize\/2216218\/222222222222_600x900\" alt=\"\" title=\"\">(Foto: <strong>Mediabiro<\/strong>)<\/p>\n\n\n\n<p>\u201cVe\u010deras na zidinama Kanli kule, \u010duvaju\u0107i sje\u0107anja na vjekove koje su one pro\u017eivjele, oslu\u0161kuje-mo puls jednog druga\u010dijeg naslje\u0111a \u2013 zvuka gitare. Upravo ovdje gdje se duh Mediterana ogleda u Starom gradu po\u010dinje na\u0161a muzi\u010dka fiesta \u2013 19. Guitar Art Summer fest koji \u0107e do 6. avgusta u Herceg Novi unijeti strast umjetni\u010dke muzike i duh umjetnosti. Ministarstvo kulture i medija Crne Gore sa ponosom je podr\u017ealo GASF kao primjer manifestacije javno-privatnog partnerstva koje njeguje vrhunske umjetni\u010dke standard, vjernu publiku, edukuje mlade gitariste i iznova pot-vr\u0111uje ljubav prema Herceg Novom i ljubav prema gitari. GASF je spoj svih najljep\u0161ih ljetnjih emocija i zato traje ve\u0107 19 godina,\u201d navela je Vujovi\u0107.<\/p>\n\n\n\n<p>Na zna\u010daj festivala ukazao je i predsjednik Op\u0161tine Herceg Novi, Stevan Kati\u0107.<\/p>\n\n\n\n<p>\u201eSa vama dijelim zadovoljstvo \u0161to 19. godinu zaredom u Herceg Novom slavimo veliki i zna\u010dajan festival kakav je Guitar Art Summer Fest, jedan od najprepoznatljivijih muzi\u010dkih festivala u ovom dijelu Evrope. Gotovo dvije decenije zahvaljuju\u0107i ovoj svetkovini na\u0161 Herceg Novi \u2013 Herceg me\u0111u gradovima, je doma\u0107in svjetskim imenima i mjesto gdje se legende svjetske muzike prvi put susre\u0107u sa Crnom Gorom. Guitar Art Summer Fest kontinuirano doprinosi prepoznatljivosti na\u0161eg grada na me\u0111unarodnoj kulturnoj mapi, povezuje umjetnike, obrazuje mlade i privla\u010di brojne posjetioce, a time daje dodatnu vrijednost na\u0161em turisti\u010dkom i kulturnom identitetu,\u201c naveo je Kati\u0107.<\/p>\n\n\n\n<p><img decoding=\"async\" width=\"100%\" src=\"https:\/\/rtcg.me\/upload\/\/media\/2025\/7\/2\/12\/22\/937\/2216221\/resize\/2216224\/3333333333_600x900\" alt=\"\" title=\"\">(Foto: <strong>Mediabiro<\/strong>)<\/p>\n\n\n\n<p>Sino\u0107nji koncert, ali i reallizaciju samog Guitar Art Summer Festivala podr\u017eao je i Juan Jose Sanz Aparicio, opunomo\u0107eni ambasador Kraljevine \u0160panije u Crnoj Gori sa sjedi\u0161tem u Beogradu.<\/p>\n\n\n\n<p>\u201eGlavni cilj svake ambasade i ambasadora je da promovi\u0161e kulturu, te je za mene poklon da budem u Herceg Novom i da predstavljam \u0160paniju i njenu kulturu i to koncertom Luz Casal. Luz Casal je dobro poznata i u va\u0161oj zemlji, znate je po muzici iz filma Montevideo, vidimo se! i Al-modovarovih filmova. Casal nije samo to, njena karijera je du\u017ea od 40 godina, te pjeva rok pjesme, ljubavne pjesme, bolero i sve ono \u0161to \u0107e izvesti i na velikom koncertu u Herceg Novom. Casal je velika umjetnica, a jo\u0161 ve\u0107i \u010dovjek, imala je velike \u017eivotne izazove i bolest, a na\u010dinom na koji se izborila postala je primjer svim ljudima koji imaju tu borbu. Zahvaljuju\u0107i njenim ljud-skim kvalitetima i umjetni\u010dkom doprinosu kralj \u0160panije dodijelio joj je titulu markize,\u201c ispri\u010dao je Nj.E. ambasador Sanz Aparicio.<\/p>\n\n\n\n<p>Nakon uspje\u0161ne realizacije sino\u0107njeg koncerta Luz Casal bogat program 19. GASF bi\u0107e nas-tavljen do 6. avgusta.<\/p>\n\n\n\n<p>Drugo ve\u010de Guitar Art Summer Fest-a \u2013 2. avgusta rezervisano je za nastup flamenko kvinteta Vientos del Eresma na Trgu od muzike. Publika \u0107e imati priliku da uz glas talentovane Sare Dijaz, gitarskog majstora Dani Hernandeza, strastveni ples Lucije Gonzales poznatije kao \u201eLa Flaca\u201c, Giljerma Navara na perkusijama i Ser\u0111a Rodrigeza na saksofonu i flauti do\u017eivi muzi\u010dko putovan-je od juga do sjevera \u0160panije.<\/p>\n\n\n\n<p>Tre\u0107e ve\u010deri, 3. avgusta, tako\u0111e na Trgu od muzike, nastupi\u0107e Branko Bako Jovanovi\u0107 nosilac titule prvog tambura\u0161a svijeta,<br>\u010cetvrte ve\u010deri festivala nastupi\u0107e francusko-srpski kvartet, Dah Balkana, gitara, harmonika, bas i bubnjevi. \u010clanovi kvarteta, inspirisani licima ljudi, njihovim kulturama i tradicijama, njihovim \u017eivotima i muzikom, stvaraju pri\u010du sa raskr\u0161\u0107a civilizacije, stvaraju spoj istoka i zapada francuske i balkanske tradicionalne muzike.<\/p>\n\n\n\n<p>Pretposljednje ve\u010deri festivala \u2013 5. avgusta na Trgu od muzike nastupi\u0107e gr\u010dki sekstet, gitaristi\u010dki sastav Diachroniko koji spaja tradicionalnu rebetiku sa novom tradicionalnom gr\u010dkom muzikom, kao i klasi\u010dnom muzikom.<\/p>\n\n\n\n<p>Tradicionalno, posljednje ve\u010de festivala rezervisano je za nastup klasi\u010dnih gitarista. Ove godine festival \u0107e zatvori jedan od najboljih svjetskih gitarista Zoran Duki\u0107 iz Hrvatske. Nakon njegovog nastupa, kao i svake godine nastupi\u0107e najbolji crnogorski u\u010denici, studenti i mladi profesori gi-tare, u\u010desnici projekta Gitarske integracije.<\/p>\n\n\n\n<p>U toku festivala u galeriji Sue Ryder, u segmentu Guitar Visual Art, za posjetioce \u0107e biti otvorena izlo\u017eba fotografija dva legendarna koncertna fotografa El Gvojosa i Du\u0161ka Vuki\u0107a. Postavka pred-stavlja svojevrsnu hronologiju Guitar Art Summer Festivala, te je podsje\u0107anje na nastupe najzna\u010dajnijih svjetskih gitarista me\u0111u kojima su i Darko Nik\u010devi\u0107 i Sr\u0111an Bulatovi\u0107.<\/p>\n\n\n\n<p>Pokrovitelji GASF- su Op\u0161tina Herceg Novi, Turisti\u010dka organizacija Herceg Novi, podr\u0161ku su pru\u017eili Ministarstvo kulture i medija Crne Gore, ambasade \u0160panije i Gr\u010dke u Crnoj Gori, Evropska ku\u0107a u Podgorici, Muzi\u010dka \u0161kola Herceg Novi, te brojni prijatelji festivala.<\/p>","protected":false},"excerpt":{"rendered":"<p>Senzacionalnim koncertom jedne od najzna\u010dajnijih \u0161panskih pjeva\u010dica, Luz Casal sino\u0107 je na Kanli kuli otvoreno 19. izdanje Guitar Art Summer Festa koji se ove godine realizuje pod sloganom \u201eFiesta \u2013 zvuk gitare, miris mora, ritam ljeta\u201c.<\/p>","protected":false},"author":14,"featured_media":805561,"comment_status":"open","ping_status":"open","sticky":false,"template":"","format":"standard","meta":{"_acf_changed":false,"footnotes":"","jetpack_publicize_message":"","jetpack_publicize_feature_enabled":true,"jetpack_social_post_already_shared":false,"jetpack_social_options":{"image_generator_settings":{"template":"highway","default_image_id":0,"font":"","enabled":false},"version":2}},"categories":[11],"tags":[436,437,438,439,440],"naslovna":[],"class_list":["post-805560","post","type-post","status-publish","format-standard","has-post-thumbnail","hentry","category-kultura","tag-guitar-art-summer-fest","tag-kanli-kula","tag-luz-casal","tag-senzacionalan-koncert","tag-spanska-diva"],"acf":[],"jetpack_publicize_connections":[],"_links":{"self":[{"href":"https:\/\/gradski.me\/en\/wp-json\/wp\/v2\/posts\/805560","targetHints":{"allow":["GET"]}}],"collection":[{"href":"https:\/\/gradski.me\/en\/wp-json\/wp\/v2\/posts"}],"about":[{"href":"https:\/\/gradski.me\/en\/wp-json\/wp\/v2\/types\/post"}],"author":[{"embeddable":true,"href":"https:\/\/gradski.me\/en\/wp-json\/wp\/v2\/users\/14"}],"replies":[{"embeddable":true,"href":"https:\/\/gradski.me\/en\/wp-json\/wp\/v2\/comments?post=805560"}],"version-history":[{"count":0,"href":"https:\/\/gradski.me\/en\/wp-json\/wp\/v2\/posts\/805560\/revisions"}],"wp:featuredmedia":[{"embeddable":true,"href":"https:\/\/gradski.me\/en\/wp-json\/wp\/v2\/media\/805561"}],"wp:attachment":[{"href":"https:\/\/gradski.me\/en\/wp-json\/wp\/v2\/media?parent=805560"}],"wp:term":[{"taxonomy":"category","embeddable":true,"href":"https:\/\/gradski.me\/en\/wp-json\/wp\/v2\/categories?post=805560"},{"taxonomy":"post_tag","embeddable":true,"href":"https:\/\/gradski.me\/en\/wp-json\/wp\/v2\/tags?post=805560"},{"taxonomy":"naslovna","embeddable":true,"href":"https:\/\/gradski.me\/en\/wp-json\/wp\/v2\/naslovna?post=805560"}],"curies":[{"name":"wp","href":"https:\/\/api.w.org\/{rel}","templated":true}]}}