{"id":805115,"date":"2025-08-01T15:57:00","date_gmt":"2025-08-01T13:57:00","guid":{"rendered":"https:\/\/gradski.me\/?p=805115"},"modified":"2025-08-01T15:57:00","modified_gmt":"2025-08-01T13:57:00","slug":"gojkovic-i-djinovic-na-pripremama-u-sankt-petersburgu","status":"publish","type":"post","link":"https:\/\/gradski.me\/en\/sport\/gojkovic-i-djinovic-na-pripremama-u-sankt-petersburgu\/","title":{"rendered":"Gojkovi\u0107 i \u0110inovi\u0107 na pripremama u Sankt Petersburgu"},"content":{"rendered":"<p>Navodi se da su Gojkovi\u0107 i \u0110inovi\u0107 uvodni dio priprema odradili na \u017dabljaku, gdje su tri nedjelje trenirali u vrhunskom sportskom centru opremljenom profesionalnim ringovima i savremenom opremom, kao i rekreativnim zonama u izolovanom planinskom ambijentu.<\/p>\n\n\n\n<p>Selektor reprezentacije Nikola Ru\u017ei\u0107 kazao je da je zadovoljan dosada\u0161njim tokom priprema, navode\u0107i da o\u010dekuje da \u0107e tako biti i u Sankt Petersburgu.<\/p>\n\n\n\n<p>&#8222;Sankt Petersburg nam pru\u017ea idealne uslove za rad \u2013 od odli\u010dne dvorane, najmodernije u Rusiji, teretane, smje\u0161taja i ishrane, do izuzetno jakih sparinga&#8220;, rekao je Ru\u017ei\u0107.<\/p>\n\n\n\n<p>On je naglasio da \u0107e Gojkovi\u0107 sparingovati sa Karinom Tazabekovom, vice\u0161ampionkom Evrope i vi\u0161estrukom \u0161ampionkom Rusije i prvorangiranom u kategoriji dok 54 kg, a \u0110inovi\u0107 sa Vsevolodom \u0160umkovim, \u0161ampionom Evrope i bronzanim sa Svjetskog prvenstva.<\/p>\n\n\n\n<p>&#8222;Na\u0161i reprezentativci daju maksimum na svakom treningu i jasno se vidi njihov napredak. Ovo su klju\u010dne sedmice pred Liverpul i va\u017eno je da ostanu zdravi i fokusirani do kraja. Iz Sankt Petersburga 12. avgusta idemo za Sarajevo na jaki me\u0111unarodnim turnir, nakon kojeg nam ostaju jo\u0161 dvije nedjelje do puta za Liverpul&#8220;, rekao je Ru\u017ei\u0107.<\/p>\n\n\n\n<p>Ru\u017ei\u0107 je najavio da \u0107e zavr\u0161ne pripreme odraditi u Budvi.<\/p>\n\n\n\n<p>&#8222;Planirali smo da dovedemo jake sparing partnere iz inostranstva, kako bi na\u0161i bokseri dostigli punu formu do po\u010detka \u0161ampionata. Siguran sam da \u0107emo biti maksimalno spremni i da \u0107emo dostojno reprezentovati Crnu Goru na svjetskoj sceni&#8220;, rekao je Ru\u017ei\u0107.<\/p>\n\n\n\n<p>Crnogorske boksere je u Sankt Petersburgu obi\u0161ao predsjednik Bokserskog saveza Crne Gore Aleksander Klemenko.<\/p>","protected":false},"excerpt":{"rendered":"<p>Crnogorski bokserski reprezentativci Bojana Gojkovi\u0107 i Tomislav \u0110inovi\u0107<br \/>\npripreme za Svjetsko prvenstvo u Liverpulu nastavi\u0107e u Sankt Petersburgu, saop\u0161teno je iz Bokserskog saveza.<\/p>","protected":false},"author":4,"featured_media":805119,"comment_status":"open","ping_status":"open","sticky":false,"template":"","format":"standard","meta":{"_acf_changed":false,"footnotes":"","jetpack_publicize_message":"","jetpack_publicize_feature_enabled":true,"jetpack_social_post_already_shared":false,"jetpack_social_options":{"image_generator_settings":{"template":"highway","default_image_id":0,"font":"","enabled":false},"version":2}},"categories":[15],"tags":[193,194,188,18,195],"naslovna":[],"class_list":["post-805115","post","type-post","status-publish","format-standard","has-post-thumbnail","hentry","category-sport","tag-bojana-gojkovic","tag-boks","tag-crna-gora","tag-rusija","tag-tomislav-djinovic"],"acf":[],"jetpack_publicize_connections":[],"_links":{"self":[{"href":"https:\/\/gradski.me\/en\/wp-json\/wp\/v2\/posts\/805115","targetHints":{"allow":["GET"]}}],"collection":[{"href":"https:\/\/gradski.me\/en\/wp-json\/wp\/v2\/posts"}],"about":[{"href":"https:\/\/gradski.me\/en\/wp-json\/wp\/v2\/types\/post"}],"author":[{"embeddable":true,"href":"https:\/\/gradski.me\/en\/wp-json\/wp\/v2\/users\/4"}],"replies":[{"embeddable":true,"href":"https:\/\/gradski.me\/en\/wp-json\/wp\/v2\/comments?post=805115"}],"version-history":[{"count":0,"href":"https:\/\/gradski.me\/en\/wp-json\/wp\/v2\/posts\/805115\/revisions"}],"wp:featuredmedia":[{"embeddable":true,"href":"https:\/\/gradski.me\/en\/wp-json\/wp\/v2\/media\/805119"}],"wp:attachment":[{"href":"https:\/\/gradski.me\/en\/wp-json\/wp\/v2\/media?parent=805115"}],"wp:term":[{"taxonomy":"category","embeddable":true,"href":"https:\/\/gradski.me\/en\/wp-json\/wp\/v2\/categories?post=805115"},{"taxonomy":"post_tag","embeddable":true,"href":"https:\/\/gradski.me\/en\/wp-json\/wp\/v2\/tags?post=805115"},{"taxonomy":"naslovna","embeddable":true,"href":"https:\/\/gradski.me\/en\/wp-json\/wp\/v2\/naslovna?post=805115"}],"curies":[{"name":"wp","href":"https:\/\/api.w.org\/{rel}","templated":true}]}}