{"id":805104,"date":"2025-08-01T15:45:00","date_gmt":"2025-08-01T13:45:00","guid":{"rendered":"https:\/\/gradski.me\/?p=805104"},"modified":"2025-08-01T15:45:00","modified_gmt":"2025-08-01T13:45:00","slug":"odredjeno-zadrzavanje-osumnjicenom-za-nasilje-u-porodici","status":"publish","type":"post","link":"https:\/\/gradski.me\/en\/hronika\/odredjeno-zadrzavanje-osumnjicenom-za-nasilje-u-porodici\/","title":{"rendered":"Odre\u0111eno zadr\u017eavanje osumnji\u010denom za nasilje u porodici"},"content":{"rendered":"<p><\/p>\n\n\n\n<p>Iz podgori\u010dkog ODT-a saop\u0161teno je da je M.M. zadr\u017eavanje odre\u0111eno zbog sumnje da je izvr\u0161io krivi\u010dno djelo nasilje u porodici ili porodi\u010dnoj zajednici.<\/p>\n\n\n\n<p>\u201eOsumnji\u010deni je u \u010detvrtak, oko tri sata poslije pono\u0107i, u svojoj porodi\u010dnoj ku\u0107i lak\u0161e povrijedio svoju suprugu M.M.\u201c, ka\u017ee se u saop\u0161tenju.<\/p>\n\n\n\n<p>Navodi se da je osumnji\u010deni suprugu udarao po glavi i tijelu, davio je i prijetio joj da \u0107e je &#8222;zaklati kuhinjskim no\u017eem&#8220;.<\/p>","protected":false},"excerpt":{"rendered":"<p>Osnovno dr\u017eavno tu\u017eila\u0161tvo (ODT) u Podgorici odredilo je zadr\u017eavanje do 72 sata M.M., osumnji\u010denom za nasilje nad suprugom.<\/p>","protected":false},"author":14,"featured_media":514146,"comment_status":"open","ping_status":"open","sticky":false,"template":"","format":"standard","meta":{"_acf_changed":false,"footnotes":"","jetpack_publicize_message":"","jetpack_publicize_feature_enabled":true,"jetpack_social_post_already_shared":false,"jetpack_social_options":{"image_generator_settings":{"template":"highway","default_image_id":0,"font":"","enabled":false},"version":2}},"categories":[10],"tags":[185,186,187],"naslovna":[],"class_list":["post-805104","post","type-post","status-publish","format-standard","has-post-thumbnail","hentry","category-hronika","tag-nasilje-u-porodici","tag-odredjeno-zadrzavanje","tag-osumnjiceni-2"],"acf":[],"jetpack_publicize_connections":[],"_links":{"self":[{"href":"https:\/\/gradski.me\/en\/wp-json\/wp\/v2\/posts\/805104","targetHints":{"allow":["GET"]}}],"collection":[{"href":"https:\/\/gradski.me\/en\/wp-json\/wp\/v2\/posts"}],"about":[{"href":"https:\/\/gradski.me\/en\/wp-json\/wp\/v2\/types\/post"}],"author":[{"embeddable":true,"href":"https:\/\/gradski.me\/en\/wp-json\/wp\/v2\/users\/14"}],"replies":[{"embeddable":true,"href":"https:\/\/gradski.me\/en\/wp-json\/wp\/v2\/comments?post=805104"}],"version-history":[{"count":0,"href":"https:\/\/gradski.me\/en\/wp-json\/wp\/v2\/posts\/805104\/revisions"}],"wp:featuredmedia":[{"embeddable":true,"href":"https:\/\/gradski.me\/en\/wp-json\/wp\/v2\/media\/514146"}],"wp:attachment":[{"href":"https:\/\/gradski.me\/en\/wp-json\/wp\/v2\/media?parent=805104"}],"wp:term":[{"taxonomy":"category","embeddable":true,"href":"https:\/\/gradski.me\/en\/wp-json\/wp\/v2\/categories?post=805104"},{"taxonomy":"post_tag","embeddable":true,"href":"https:\/\/gradski.me\/en\/wp-json\/wp\/v2\/tags?post=805104"},{"taxonomy":"naslovna","embeddable":true,"href":"https:\/\/gradski.me\/en\/wp-json\/wp\/v2\/naslovna?post=805104"}],"curies":[{"name":"wp","href":"https:\/\/api.w.org\/{rel}","templated":true}]}}