{"id":804856,"date":"2025-08-01T11:06:00","date_gmt":"2025-08-01T09:06:00","guid":{"rendered":"https:\/\/gradski.me\/?p=804856"},"modified":"2025-08-01T11:06:00","modified_gmt":"2025-08-01T09:06:00","slug":"ura-podrzala-prosvjetare-ministarstvo-im-smanjilo-plate-i-do-50-eura-suprotno-granskom-kolektivnom-ugovoru","status":"publish","type":"post","link":"https:\/\/gradski.me\/en\/drustvo\/ura-podrzala-prosvjetare-ministarstvo-im-smanjilo-plate-i-do-50-eura-suprotno-granskom-kolektivnom-ugovoru\/","title":{"rendered":"URA podr\u017eala prosvjetare: Ministarstvo im smanjilo plate i do 50 eura suprotno Granskom kolektivnom ugovoru"},"content":{"rendered":"<p><\/p>\n\n\n\n<p>Iz URE su naglasili da su Ministarstvo finansija i Ministarstvo prosvjete, nauke i inovacija u osnovnim \u0161kolama, zapo\u010deli s primjenom centralizovanog softvera za obra\u010dun zarada.<\/p>\n\n\n\n<p>,,Posljedica novog obra\u010duna zarada je smanjenje primanja velikom broju prosvjetnih radnika koji iznosi i do 50 eura, pri \u010demu nagla\u0161avamo da se kr\u0161i Granski kolektivni ugovor u oblasti prosvjete&#8220;, poru\u010duju iz URE.<\/p>\n\n\n\n<p>,,Ovakvim jednostranim i postupanjem protivno zakonima uru\u0161ava se obrazovni sistem i nanosi velika \u0161teta. Pru\u017eamo podr\u0161ku Sindikatu prosvjete koji je posve\u0107en socijalnom dijalogu u cilju pronala\u017eenja rje\u0161enja optimalnog za sve&#8220;, zaklju\u010dili su iz Gra\u0111anskog pokreta URA.<\/p>","protected":false},"excerpt":{"rendered":"<p>Poslanici Gra\u0111anski pokret URA Milena Vukovi\u0107 i Zoran Miki\u0107 sastali su se danas sa potpredsjednikom Sindikata prosvjete Crne Gore Jovanom Dra\u0161kovi\u0107em i pru\u017eili punu podr\u0161ku u ostvarivanju prava prosvjetnih radnika.<\/p>","protected":false},"author":8,"featured_media":804860,"comment_status":"open","ping_status":"open","sticky":false,"template":"","format":"standard","meta":{"_acf_changed":false,"footnotes":"","jetpack_publicize_message":"","jetpack_publicize_feature_enabled":true,"jetpack_social_post_already_shared":false,"jetpack_social_options":{"image_generator_settings":{"template":"highway","default_image_id":0,"font":"","enabled":false},"version":2}},"categories":[9],"tags":[71,91,92,74],"naslovna":[],"class_list":["post-804856","post","type-post","status-publish","format-standard","has-post-thumbnail","hentry","category-drustvo","tag-gp-ura","tag-milena-vukovic","tag-ministarstvo-prosvjete","tag-zoran-mikic"],"acf":[],"jetpack_publicize_connections":[],"_links":{"self":[{"href":"https:\/\/gradski.me\/en\/wp-json\/wp\/v2\/posts\/804856","targetHints":{"allow":["GET"]}}],"collection":[{"href":"https:\/\/gradski.me\/en\/wp-json\/wp\/v2\/posts"}],"about":[{"href":"https:\/\/gradski.me\/en\/wp-json\/wp\/v2\/types\/post"}],"author":[{"embeddable":true,"href":"https:\/\/gradski.me\/en\/wp-json\/wp\/v2\/users\/8"}],"replies":[{"embeddable":true,"href":"https:\/\/gradski.me\/en\/wp-json\/wp\/v2\/comments?post=804856"}],"version-history":[{"count":0,"href":"https:\/\/gradski.me\/en\/wp-json\/wp\/v2\/posts\/804856\/revisions"}],"wp:featuredmedia":[{"embeddable":true,"href":"https:\/\/gradski.me\/en\/wp-json\/wp\/v2\/media\/804860"}],"wp:attachment":[{"href":"https:\/\/gradski.me\/en\/wp-json\/wp\/v2\/media?parent=804856"}],"wp:term":[{"taxonomy":"category","embeddable":true,"href":"https:\/\/gradski.me\/en\/wp-json\/wp\/v2\/categories?post=804856"},{"taxonomy":"post_tag","embeddable":true,"href":"https:\/\/gradski.me\/en\/wp-json\/wp\/v2\/tags?post=804856"},{"taxonomy":"naslovna","embeddable":true,"href":"https:\/\/gradski.me\/en\/wp-json\/wp\/v2\/naslovna?post=804856"}],"curies":[{"name":"wp","href":"https:\/\/api.w.org\/{rel}","templated":true}]}}