{"id":804720,"date":"2025-08-01T13:11:00","date_gmt":"2025-08-01T11:11:00","guid":{"rendered":"https:\/\/gradski.me\/?p=804720"},"modified":"2025-08-01T13:11:00","modified_gmt":"2025-08-01T11:11:00","slug":"otvoren-medjunarodni-festival-folklora-na-cetinju-2","status":"publish","type":"post","link":"https:\/\/gradski.me\/en\/kultura\/otvoren-medjunarodni-festival-folklora-na-cetinju-2\/","title":{"rendered":"Otvoren Me\u0111unarodni festival folklora na Cetinju"},"content":{"rendered":"<p><\/p>\n\n\n\n<p><\/p>\n\n\n\n<p><\/p>\n\n\n\n<p><\/p>\n\n\n\n<p>Festival je tradicionalno zapo\u010deo defileom u\u010desnika Njego\u0161evom ulicom, nakon \u010dega je uslijedio centralni program na Ljetnjoj pozornici, pred brojnom publikom i gostima iz zemlje i inostranstva.<\/p>\n\n\n\n<p>Ljubitelji folklora u narednim danima ima\u0107e priliku da u\u017eivaju u nastupima ansambala iz Crne Gore, Ukrajine, Meksika, Srbije, Letonije i Bugarske, koji \u0107e predstaviti bogatu tradiciju kroz autenti\u010dne narodne no\u0161nje, igre i muziku svojih zemalja.<\/p>\n\n\n\n<figure class=\"wp-block-image\" id=\"attachment_2423335\"><img decoding=\"async\" src=\"https:\/\/www.cdm.me\/wp-content\/uploads\/2025\/08\/175402920059123.jpg\" alt=\"\" class=\"wp-image-2423335\" title=\"\"><figcaption class=\"wp-element-caption\">Photo: Royal Capital Cetinje<\/figcaption><\/figure>\n\n\n\n<p>Otvaraju\u0107i festival, gradona\u010delnik Prijestonice Cetinje&nbsp;<strong>Nikola \u0110ura\u0161kovi\u0107<\/strong>&nbsp;je kazao da je Cetinje oduvijek bilo i ostalo simbol crnogorske dr\u017eavnosti, tradicije i identiteta, te da danas na tim temeljima na\u0161 grad hrabro stoji kao mjesto kulture, otvoreno prema svijetu, ali \u010dvrsto ukorijenjeno u svom identitetu i istorijskom i duhovnom bi\u0107u.<\/p>\n\n\n\n<p>\u201cI danas \u017eelimo da zadr\u017eimo to naslje\u0111e otvorenosti: da budemo grad doma\u0107in, ne samo doga\u0111ajima, ve\u0107 i idejama, ljudima, jezicima i kulturama. Upravo zbog toga, te\u0161ko je zamisliti prikladnije mjesto od Cetinja za odr\u017eavanje jedne ovakve manifestacije koja veli\u010da ono \u0161to je najplemenitije u \u010dovjeku: potrebu da pamti svoje korijene, da \u010duva naslje\u0111e svojih predaka i da u pjesmi i igri prepozna du\u0161u svog i drugih naroda\u201d, kazao je \u0110ura\u0161kovi\u0107.<\/p>\n\n\n\n<figure class=\"wp-block-image\" id=\"attachment_2423336\"><img decoding=\"async\" src=\"https:\/\/www.cdm.me\/wp-content\/uploads\/2025\/08\/1754029206239845.jpg\" alt=\"\" class=\"wp-image-2423336\" title=\"\"><figcaption class=\"wp-element-caption\">Photo: Royal Capital Cetinje<\/figcaption><\/figure>\n\n\n\n<p>On je uputio zahvalnost Kulturno-umjetni\u010dkom dru\u0161tvu \u201eNjego\u0161\u201c koje decenijama sa velikim zalaganjem i predano\u0161\u0107u njeguje i promovi\u0161e na\u0161u nematerijalnu ba\u0161tinu, kao i crnogorskoj porodici iz Berlina na podr\u0161ci festivalu folklora, ali i brojnim drugim projektima na Cetinju i \u0161irom Crne Gore, kojima pokazuju sna\u017ean i iskren odnos prema crnogorskom identitetu, kulturi i naslje\u0111u \u2013 vrijednostima koje Cetinje kroz svoje vjekovno postojanje njeguje i ponosno \u010duva.<\/p>\n\n\n\n<figure class=\"wp-block-image\" id=\"attachment_2423337\"><img decoding=\"async\" src=\"https:\/\/www.cdm.me\/wp-content\/uploads\/2025\/08\/1754029200298051.jpg\" alt=\"\" class=\"wp-image-2423337\" title=\"\"><figcaption class=\"wp-element-caption\">Photo: Royal Capital Cetinje<\/figcaption><\/figure>\n\n\n\n<p>Program se nastavlja danas, 1. avgusta, kada \u0107e od 18:00 sati na Dvorskom trgu biti odr\u017eano Multikulturno ve\u010de, uz prezentaciju suvenira, nacionalne hrane, pi\u0107a, no\u0161nje i igre zemalja u\u010desnica. U subotu i nedjelju ve\u010de, festivalski program se nastavlja na Ljetnjoj pozornici uz nastupe doma\u0107ih i inostranih ansambala.<\/p>\n\n\n\n<p>Cilj festivala je o\u010duvanje i promocija folklornog naslje\u0111a, njegovanje tradicije i podsticanje kulturne razmjene me\u0111u zemljama u\u010desnicama.<\/p>\n\n\n\n<figure class=\"wp-block-image\" id=\"attachment_2423338\"><img decoding=\"async\" src=\"https:\/\/www.cdm.me\/wp-content\/uploads\/2025\/08\/1754029195868019.jpg\" alt=\"\" class=\"wp-image-2423338\" title=\"\"><figcaption class=\"wp-element-caption\">Photo: Royal Capital Cetinje<\/figcaption><\/figure>\n\n\n\n<p>Organizator festivala je Kulturno-umjetni\u010dko dru\u0161tvo \u201eNjego\u0161\u201c, a pokrovitelji Prijestonica Cetinje i Crnogorska porodica iz Berlina.<\/p>\n\n\n\n<p><\/p>","protected":false},"excerpt":{"rendered":"<p>Petnaesti Me\u0111unarodni festival folklora CIOFF \u201eCetinje 2025\u201d sve\u010dano je otvoren sino\u0107 na Ljetnjoj pozornici nastupima folklornih ansambala iz \u0161est dr\u017eava.<\/p>","protected":false},"author":5,"featured_media":804805,"comment_status":"open","ping_status":"open","sticky":false,"template":"","format":"standard","meta":{"_acf_changed":false,"footnotes":"","jetpack_publicize_message":"","jetpack_publicize_feature_enabled":true,"jetpack_social_post_already_shared":false,"jetpack_social_options":{"image_generator_settings":{"template":"highway","default_image_id":0,"font":"","enabled":false},"version":2}},"categories":[11],"tags":[118,119,120],"naslovna":[],"class_list":["post-804720","post","type-post","status-publish","format-standard","has-post-thumbnail","hentry","category-kultura","tag-cetinje","tag-festival","tag-folklor"],"acf":[],"jetpack_publicize_connections":[],"_links":{"self":[{"href":"https:\/\/gradski.me\/en\/wp-json\/wp\/v2\/posts\/804720","targetHints":{"allow":["GET"]}}],"collection":[{"href":"https:\/\/gradski.me\/en\/wp-json\/wp\/v2\/posts"}],"about":[{"href":"https:\/\/gradski.me\/en\/wp-json\/wp\/v2\/types\/post"}],"author":[{"embeddable":true,"href":"https:\/\/gradski.me\/en\/wp-json\/wp\/v2\/users\/5"}],"replies":[{"embeddable":true,"href":"https:\/\/gradski.me\/en\/wp-json\/wp\/v2\/comments?post=804720"}],"version-history":[{"count":0,"href":"https:\/\/gradski.me\/en\/wp-json\/wp\/v2\/posts\/804720\/revisions"}],"wp:featuredmedia":[{"embeddable":true,"href":"https:\/\/gradski.me\/en\/wp-json\/wp\/v2\/media\/804805"}],"wp:attachment":[{"href":"https:\/\/gradski.me\/en\/wp-json\/wp\/v2\/media?parent=804720"}],"wp:term":[{"taxonomy":"category","embeddable":true,"href":"https:\/\/gradski.me\/en\/wp-json\/wp\/v2\/categories?post=804720"},{"taxonomy":"post_tag","embeddable":true,"href":"https:\/\/gradski.me\/en\/wp-json\/wp\/v2\/tags?post=804720"},{"taxonomy":"naslovna","embeddable":true,"href":"https:\/\/gradski.me\/en\/wp-json\/wp\/v2\/naslovna?post=804720"}],"curies":[{"name":"wp","href":"https:\/\/api.w.org\/{rel}","templated":true}]}}